{"id":53615,"date":"2015-11-27T14:22:48","date_gmt":"2015-11-27T12:22:48","guid":{"rendered":"http:\/\/www.sana.sy\/tr\/?p=53615"},"modified":"2015-11-27T14:22:48","modified_gmt":"2015-11-27T12:22:48","slug":"sami-savunma-kudus-ve-aksayi-savunmaktir","status":"publish","type":"post","link":"https:\/\/archive.sana.sy\/tr\/?p=53615","title":{"rendered":"\u015eam\u2019\u0131 Savunma Kud\u00fcs ve Aksa\u2019y\u0131 Savunmakt\u0131r"},"content":{"rendered":"<p>NABLUS \u2013 Filistin\u2019de Suriye&#8217;yi Savunma Halk Komitesinden bir heyet bug\u00fcn; ge\u00e7en Pazar g\u00fcn\u00fc Siyonist \u0130srail g\u00fc\u00e7leri taraf\u0131ndan \u015fehit edilen Filistinli direni\u015f\u00e7i E\u015frakat el Katnani\u2019nin ailesine taziyelerini sundu.<\/p>\n<p>\u015eehit gen\u00e7 k\u0131z\u0131n babas\u0131 \u015eeyh Taha el Katnani heyetin taziyelerini kabul ederken; E\u015frakat\u2019\u0131n Filistin ve Suriye i\u00e7in m\u00fccadele u\u011fruna \u015fehit d\u00fc\u015ft\u00fc\u011f\u00fcn\u00fc belirtti.<\/p>\n<p>\u015eeyh Katnani E\u015frakat\u2019\u0131n \u015fehit olmadan \u00f6nce odas\u0131n\u0131n duvar\u0131na; \u201c\u015eam\u2019\u0131 Savunmak, Kud\u00fcs\u2019\u00fcm\u00fcz\u00fc ve Aksa\u2019m\u0131z\u0131 direk savunmakt\u0131r. \u00c7at\u0131\u015fma birdir, d\u00fc\u015fman birdir, kader de birdir. Kud\u00fcs ve \u015eam\u2019\u0131n zaferi de ka\u00e7\u0131n\u0131lmazd\u0131r\u2026\u201d ifadesini yazd\u0131\u011f\u0131n\u0131 belirtti.<\/p>\n<p>R.H.<\/p>\n","protected":false},"excerpt":{"rendered":"<p>NABLUS \u2013 Filistin\u2019de Suriye&#8217;yi Savunma Halk Komitesinden bir heyet bug\u00fcn; ge\u00e7en Pazar g\u00fcn\u00fc Siyonist \u0130srail g\u00fc\u00e7leri taraf\u0131ndan \u015fehit edilen Filistinli direni\u015f\u00e7i E\u015frakat el Katnani\u2019nin ailesine taziyelerini sundu. \u015eehit gen\u00e7 k\u0131z\u0131n babas\u0131 \u015eeyh Taha el Katnani heyetin taziyelerini kabul ederken; E\u015frakat\u2019\u0131n Filistin ve Suriye i\u00e7in m\u00fccadele u\u011fruna \u015fehit d\u00fc\u015ft\u00fc\u011f\u00fcn\u00fc belirtti. \u015eeyh Katnani E\u015frakat\u2019\u0131n \u015fehit olmadan \u00f6nce &hellip;<\/p>\n","protected":false},"author":1,"featured_media":53616,"comment_status":"closed","ping_status":"closed","sticky":false,"template":"","format":"standard","meta":{"footnotes":""},"categories":[458,459,447],"tags":[17860],"class_list":["post-53615","post","type-post","status-publish","format-standard","has-post-thumbnail","","category-dunya1","category-haberler-arap-uluslararasi-politika","category-politika","tag-sami-savunma-kudus-ve-aksayi-savunmaktir"],"_links":{"self":[{"href":"https:\/\/archive.sana.sy\/tr\/index.php?rest_route=\/wp\/v2\/posts\/53615","targetHints":{"allow":["GET"]}}],"collection":[{"href":"https:\/\/archive.sana.sy\/tr\/index.php?rest_route=\/wp\/v2\/posts"}],"about":[{"href":"https:\/\/archive.sana.sy\/tr\/index.php?rest_route=\/wp\/v2\/types\/post"}],"author":[{"embeddable":true,"href":"https:\/\/archive.sana.sy\/tr\/index.php?rest_route=\/wp\/v2\/users\/1"}],"replies":[{"embeddable":true,"href":"https:\/\/archive.sana.sy\/tr\/index.php?rest_route=%2Fwp%2Fv2%2Fcomments&post=53615"}],"version-history":[{"count":0,"href":"https:\/\/archive.sana.sy\/tr\/index.php?rest_route=\/wp\/v2\/posts\/53615\/revisions"}],"wp:featuredmedia":[{"embeddable":true,"href":"https:\/\/archive.sana.sy\/tr\/index.php?rest_route=\/wp\/v2\/media\/53616"}],"wp:attachment":[{"href":"https:\/\/archive.sana.sy\/tr\/index.php?rest_route=%2Fwp%2Fv2%2Fmedia&parent=53615"}],"wp:term":[{"taxonomy":"category","embeddable":true,"href":"https:\/\/archive.sana.sy\/tr\/index.php?rest_route=%2Fwp%2Fv2%2Fcategories&post=53615"},{"taxonomy":"post_tag","embeddable":true,"href":"https:\/\/archive.sana.sy\/tr\/index.php?rest_route=%2Fwp%2Fv2%2Ftags&post=53615"}],"curies":[{"name":"wp","href":"https:\/\/api.w.org\/{rel}","templated":true}]}}