{"id":53636,"date":"2015-11-27T16:08:19","date_gmt":"2015-11-27T14:08:19","guid":{"rendered":"http:\/\/www.sana.sy\/tr\/?p=53636"},"modified":"2015-11-28T15:22:12","modified_gmt":"2015-11-28T13:22:12","slug":"muallim-ordu-bircok-yonde-basari-kaydediyor-lavrov-turkiye-rejimi-turkiye-vatandaslarini-ciddi-tehlikeye-maruz-birakiyor","status":"publish","type":"post","link":"https:\/\/archive.sana.sy\/tr\/?p=53636","title":{"rendered":"Muallim: Ordu Bir\u00e7ok Y\u00f6nde Ba\u015far\u0131 Kaydediyor\u2026 Lavrov: T\u00fcrkiye Rejimi T\u00fcrkiye Vatanda\u015flar\u0131n\u0131 Ciddi Tehlikeye Maruz B\u0131rak\u0131yor"},"content":{"rendered":"<p>MOSKOVA \u2013 Ba\u015fbakan Yard\u0131mc\u0131s\u0131 D\u0131\u015fi\u015fleri ve Gurbet\u00e7iler Bakan\u0131 Velid el Muallim ve Rusya D\u0131\u015fi\u015fleri Bakan\u0131 Sergey Lavrov bug\u00fcn Moskova\u2019da bulunduklar\u0131 temaslar\u0131n ard\u0131ndan ortak bir bas\u0131n toplant\u0131s\u0131 d\u00fczenlediler.<\/p>\n<p>Bas\u0131n toplant\u0131s\u0131nda Lavrov; I\u015e\u0130D\u2019in temsil etti\u011fi tehlikeyi yok etme \u00f6nemini vurgularken, Suriye&#8217;ye kom\u015fu devletlerin \u00f6zel bir sorumluluk \u00fcstlenmeleri gere\u011finin alt\u0131n\u0131 \u00e7izdi. Lavrov Ortado\u011fu&#8217;da ter\u00f6r\u00fc yok etmek i\u00e7in \u00e7ifte standartl\u0131 politika ve tutumlara son vermenin ka\u00e7\u0131n\u0131lmaz oldu\u011funu ifade etti.<\/p>\n<p>T\u00fcrkiye&#8217;nin Suriye hava sahas\u0131nda Rus sava\u015f u\u00e7a\u011f\u0131n\u0131 d\u00fc\u015f\u00fcrmesi konusunda Rusya ve Suriye&#8217;nin ayn\u0131 g\u00f6r\u00fc\u015f\u00fc payla\u015ft\u0131klar\u0131n\u0131 belirten Lavrov; T\u00fcrkiye&#8217;deki rejimin Suriye&#8217;de ger\u00e7ekten ter\u00f6rle m\u00fccadele etme ve istikrar\u0131n sa\u011flanmas\u0131na ilgi duyup duymad\u0131\u011f\u0131 sorusunun alt\u0131n\u0131 \u00e7izdi. Lavrov T\u00fcrkiye rejiminin makul t\u00fcm s\u0131n\u0131rlar\u0131 a\u015ft\u0131\u011f\u0131n\u0131 ve T\u00fcrkiye vatanda\u015flar\u0131n\u0131 ciddi derecede tehlikeye maruz b\u0131rakt\u0131\u011f\u0131na vurgu yapt\u0131.<\/p>\n<p>Vinaya g\u00f6r\u00fc\u015fmelerinde \u00fcst\u00fcne anla\u015f\u0131lan konulara bir kez daha dikkat \u00e7eken Lavrov; bu noktalarda Suriyelilerin herhangi bir dayatma yada m\u00fcdahaleye maruz kalmadan kendi geleceklerini ve siyasi y\u00f6netimlerini kendi elleriyle belirlemeleri gerekti\u011fine anla\u015f\u0131ld\u0131\u011f\u0131n\u0131 belirtti. Lavrov ayn\u0131 zamanda Suriyeliler aras\u0131nda siyasi diyalogun ba\u015flat\u0131lmas\u0131 ve ilgili t\u00fcm taraflar\u0131n bu y\u00f6ndeki \u00e7abalar\u0131 desteklemeleri gere\u011fine de anla\u015ft\u0131klar\u0131n\u0131 hat\u0131rlatt\u0131.<\/p>\n<p><a href=\"http:\/\/www.sana.sy\/tr\/wp-content\/uploads\/2015\/11\/lavrov1.jpg\"><img loading=\"lazy\" decoding=\"async\" class=\"alignright wp-image-53640 size-medium\" src=\"http:\/\/www.sana.sy\/tr\/wp-content\/uploads\/2015\/11\/lavrov1-300x168.jpg\" alt=\"lavrov\" width=\"300\" height=\"168\" srcset=\"https:\/\/archive.sana.sy\/tr\/wp-content\/uploads\/2015\/11\/lavrov1-300x168.jpg 300w, https:\/\/archive.sana.sy\/tr\/wp-content\/uploads\/2015\/11\/lavrov1-150x84.jpg 150w, https:\/\/archive.sana.sy\/tr\/wp-content\/uploads\/2015\/11\/lavrov1.jpg 660w\" sizes=\"auto, (max-width: 300px) 100vw, 300px\" \/><\/a>Lavrov kimi devletlerin ter\u00f6rle m\u00fccadelede BM misak\u0131 ve kararlar\u0131ndan uzak bir \u015fekilde kendine has tutumlarla hareket ettiklerini s\u00f6yledi.<\/p>\n<p>Ter\u00f6rden Kurtulmas\u0131 i\u00e7in Rusya&#8217;n\u0131n Suriye&#8217;ye elinden gelen her deste\u011fi vermeye devam edece\u011fini ifade eden Lavrov; Suriye&#8217;nin ulusal birli\u011fini korumas\u0131 ve yeniden yap\u0131land\u0131r\u0131lmas\u0131nda gereken her gayreti g\u00f6sterece\u011fini belirtti.<\/p>\n<p>Rusya D\u0131\u015fi\u015fleri Bakan\u0131 Lavrov Rus u\u00e7aktaki ikinci pilotun kurtar\u0131lmas\u0131 ve Rusya&#8217;n\u0131n \u015eam B\u00fcy\u00fckel\u00e7ili\u011finin korunmas\u0131 \u00e7abalar\u0131ndan dolay\u0131 Suriye ordusuna takdir ve \u015f\u00fckranlar\u0131n\u0131 ifade etti.<\/p>\n<p><span style=\"color: #0000ff\">Muallim: Suriye Ordusu T\u00fcm Y\u00f6nlerde \u00d6nemli \u0130lerlemeler Kaydediyor<\/span><\/p>\n<p><a href=\"http:\/\/www.sana.sy\/tr\/wp-content\/uploads\/2015\/11\/Muallim.-Lavrov-1.jpg\"><img loading=\"lazy\" decoding=\"async\" class=\"alignright wp-image-53641 size-medium\" src=\"http:\/\/www.sana.sy\/tr\/wp-content\/uploads\/2015\/11\/Muallim.-Lavrov-1-300x168.jpg\" alt=\"Muallim. Lavrov 1\" width=\"300\" height=\"168\" srcset=\"https:\/\/archive.sana.sy\/tr\/wp-content\/uploads\/2015\/11\/Muallim.-Lavrov-1-300x168.jpg 300w, https:\/\/archive.sana.sy\/tr\/wp-content\/uploads\/2015\/11\/Muallim.-Lavrov-1-150x84.jpg 150w, https:\/\/archive.sana.sy\/tr\/wp-content\/uploads\/2015\/11\/Muallim.-Lavrov-1.jpg 660w\" sizes=\"auto, (max-width: 300px) 100vw, 300px\" \/><\/a>Di\u011fer yandan Muallim;Suriye ordusunun t\u00fcm y\u00f6nlerde ve muhtelif cephelerde Rus hava g\u00fc\u00e7lerinin deste\u011fi ile ter\u00f6re kar\u015f\u0131 \u00f6nemli ilerlemeler sa\u011flamakta oldu\u011funu belirtti.<\/p>\n<p>Suriye ordusu ve halk\u0131na kar\u015f\u0131 deste\u011finden dolay\u0131 Rusya&#8217;ya \u015f\u00fckran ve takdirlerini ifade eden Muallim; Rus hava g\u00fc\u00e7lerinin k\u0131sa bir s\u00fcre i\u00e7inde ter\u00f6ristleri ABD komutas\u0131ndaki koalisyon g\u00fc\u00e7lerinin y\u00fcz kat\u0131 a\u011f\u0131r kay\u0131plara u\u011fratt\u0131klar\u0131na i\u015faret etti.<\/p>\n<p><a href=\"http:\/\/www.sana.sy\/tr\/wp-content\/uploads\/2015\/11\/Muallim.-Lavrov-2.jpg\"><img loading=\"lazy\" decoding=\"async\" class=\"alignright wp-image-53642 size-medium\" src=\"http:\/\/www.sana.sy\/tr\/wp-content\/uploads\/2015\/11\/Muallim.-Lavrov-2-300x168.jpg\" alt=\"Muallim. Lavrov 2\" width=\"300\" height=\"168\" srcset=\"https:\/\/archive.sana.sy\/tr\/wp-content\/uploads\/2015\/11\/Muallim.-Lavrov-2-300x168.jpg 300w, https:\/\/archive.sana.sy\/tr\/wp-content\/uploads\/2015\/11\/Muallim.-Lavrov-2-150x84.jpg 150w, https:\/\/archive.sana.sy\/tr\/wp-content\/uploads\/2015\/11\/Muallim.-Lavrov-2.jpg 660w\" sizes=\"auto, (max-width: 300px) 100vw, 300px\" \/><\/a>T\u00fcrkiye&#8217;deki rejimin d\u00fc\u015f\u00fcrd\u00fc\u011f\u00fc sava\u015f u\u00e7a\u011f\u0131nda \u015fehit d\u00fc\u015fen birinci pilotun ailesine ve Rusya&#8217;ya taziyelerini takdim eden Muallim; Putin\u2019in bu olay\u0131 \u2018s\u0131rttan b\u0131\u00e7aklama\u2019 olarak nitelendirmesinin do\u011frulu\u011funu kaydetti. Muallim Suriye&#8217;nin devlet ve halk olarak be\u015f y\u0131ldan beri s\u0131rt\u0131ndan b\u0131\u00e7akland\u0131\u011f\u0131n\u0131 da s\u00f6zlerine ekledi.<\/p>\n<p>Meydanda ba\u015faramad\u0131\u011f\u0131 \u015feyleri siyasi diyalogda elde etmesinde kimseye izin vermenin kesinlikle m\u00fcmk\u00fcn olmad\u0131\u011f\u0131n\u0131 belirten Muallim, Suriye halk\u0131n\u0131n kendi gelece\u011fini ve y\u00f6netimini se\u00e7me hakk\u0131na sahip olmas\u0131yla se\u00e7im sand\u0131klar\u0131n\u0131n hakem olaca\u011f\u0131n\u0131 ifade etti.<\/p>\n","protected":false},"excerpt":{"rendered":"<p>MOSKOVA \u2013 Ba\u015fbakan Yard\u0131mc\u0131s\u0131 D\u0131\u015fi\u015fleri ve Gurbet\u00e7iler Bakan\u0131 Velid el Muallim ve Rusya D\u0131\u015fi\u015fleri Bakan\u0131 Sergey Lavrov bug\u00fcn Moskova\u2019da bulunduklar\u0131 temaslar\u0131n ard\u0131ndan ortak bir bas\u0131n toplant\u0131s\u0131 d\u00fczenlediler. Bas\u0131n toplant\u0131s\u0131nda Lavrov; I\u015e\u0130D\u2019in temsil etti\u011fi tehlikeyi yok etme \u00f6nemini vurgularken, Suriye&#8217;ye kom\u015fu devletlerin \u00f6zel bir sorumluluk \u00fcstlenmeleri gere\u011finin alt\u0131n\u0131 \u00e7izdi. Lavrov Ortado\u011fu&#8217;da ter\u00f6r\u00fc yok etmek i\u00e7in \u00e7ifte &hellip;<\/p>\n","protected":false},"author":1,"featured_media":53648,"comment_status":"closed","ping_status":"closed","sticky":false,"template":"","format":"standard","meta":{"footnotes":""},"categories":[458,459,447,2554,2555],"tags":[17863],"class_list":["post-53636","post","type-post","status-publish","format-standard","has-post-thumbnail","","category-dunya1","category-haberler-arap-uluslararasi-politika","category-politika","category-suriye-ve-dunya","category-suriye-ve-turkiye","tag-muallim-ordu-bircok-yonde-basari-kaydediyor-lavrov-turkiye-rejimi-turkiye-vatandaslarini-ciddi-tehlikeye-maruz-birakiyor"],"_links":{"self":[{"href":"https:\/\/archive.sana.sy\/tr\/index.php?rest_route=\/wp\/v2\/posts\/53636","targetHints":{"allow":["GET"]}}],"collection":[{"href":"https:\/\/archive.sana.sy\/tr\/index.php?rest_route=\/wp\/v2\/posts"}],"about":[{"href":"https:\/\/archive.sana.sy\/tr\/index.php?rest_route=\/wp\/v2\/types\/post"}],"author":[{"embeddable":true,"href":"https:\/\/archive.sana.sy\/tr\/index.php?rest_route=\/wp\/v2\/users\/1"}],"replies":[{"embeddable":true,"href":"https:\/\/archive.sana.sy\/tr\/index.php?rest_route=%2Fwp%2Fv2%2Fcomments&post=53636"}],"version-history":[{"count":0,"href":"https:\/\/archive.sana.sy\/tr\/index.php?rest_route=\/wp\/v2\/posts\/53636\/revisions"}],"wp:featuredmedia":[{"embeddable":true,"href":"https:\/\/archive.sana.sy\/tr\/index.php?rest_route=\/wp\/v2\/media\/53648"}],"wp:attachment":[{"href":"https:\/\/archive.sana.sy\/tr\/index.php?rest_route=%2Fwp%2Fv2%2Fmedia&parent=53636"}],"wp:term":[{"taxonomy":"category","embeddable":true,"href":"https:\/\/archive.sana.sy\/tr\/index.php?rest_route=%2Fwp%2Fv2%2Fcategories&post=53636"},{"taxonomy":"post_tag","embeddable":true,"href":"https:\/\/archive.sana.sy\/tr\/index.php?rest_route=%2Fwp%2Fv2%2Ftags&post=53636"}],"curies":[{"name":"wp","href":"https:\/\/api.w.org\/{rel}","templated":true}]}}