{"id":53647,"date":"2015-11-28T11:50:54","date_gmt":"2015-11-28T09:50:54","guid":{"rendered":"http:\/\/www.sana.sy\/tr\/?p=53647"},"modified":"2015-11-28T11:50:54","modified_gmt":"2015-11-28T09:50:54","slug":"erdoganin-cokuluslu-kiralik-teror-cetelerinin-kayiplari-artiyor","status":"publish","type":"post","link":"https:\/\/archive.sana.sy\/tr\/?p=53647","title":{"rendered":"Erdo\u011fan\u2019\u0131n \u00c7okuluslu Kiral\u0131k Ter\u00f6r \u00c7etelerinin Kay\u0131plar\u0131 Art\u0131yor"},"content":{"rendered":"<p>LAZK\u0130YE \u2013 Lazkiye k\u0131rsal\u0131nda T\u00fcrkiye&#8217;de rejim ve daha ba\u015fka g\u00fc\u00e7lerin her t\u00fcrl\u00fc deste\u011fi sa\u011flad\u0131\u011f\u0131 \u00e7okuluslu kiral\u0131k ve tekfircilerin yan\u0131 s\u0131ra vatan haini ter\u00f6ristlere y\u00f6nelik operasyonlar\u0131n\u0131 ba\u015far\u0131yla s\u00fcrd\u00fcren ordu birliklerimiz olduk\u00e7a \u00f6nemli ve stratejik ilerlemeler kaydetti.<\/p>\n<p>S\u0131n\u0131rlardan destek hatlar\u0131n\u0131 kontrol alt\u0131na almay\u0131 hedefleyen operasyonlarda Erdo\u011fan\u2019\u0131n kiral\u0131k ter\u00f6r \u00e7eteleri saflar\u0131nda ciddi \u00e7\u00f6k\u00fc\u015fler ya\u015fan\u0131yor.<\/p>\n<p>https:\/\/www.youtube.com\/watch?v=dxos7x-iDGM<\/p>\n","protected":false},"excerpt":{"rendered":"<p>LAZK\u0130YE \u2013 Lazkiye k\u0131rsal\u0131nda T\u00fcrkiye&#8217;de rejim ve daha ba\u015fka g\u00fc\u00e7lerin her t\u00fcrl\u00fc deste\u011fi sa\u011flad\u0131\u011f\u0131 \u00e7okuluslu kiral\u0131k ve tekfircilerin yan\u0131 s\u0131ra vatan haini ter\u00f6ristlere y\u00f6nelik operasyonlar\u0131n\u0131 ba\u015far\u0131yla s\u00fcrd\u00fcren ordu birliklerimiz olduk\u00e7a \u00f6nemli ve stratejik ilerlemeler kaydetti. S\u0131n\u0131rlardan destek hatlar\u0131n\u0131 kontrol alt\u0131na almay\u0131 hedefleyen operasyonlarda Erdo\u011fan\u2019\u0131n kiral\u0131k ter\u00f6r \u00e7eteleri saflar\u0131nda ciddi \u00e7\u00f6k\u00fc\u015fler ya\u015fan\u0131yor. https:\/\/www.youtube.com\/watch?v=dxos7x-iDGM<\/p>\n","protected":false},"author":1,"featured_media":53650,"comment_status":"closed","ping_status":"closed","sticky":false,"template":"","format":"standard","meta":{"footnotes":""},"categories":[596,479,575,2554,2555,478],"tags":[],"class_list":["post-53647","post","type-post","status-publish","format-standard","has-post-thumbnail","","category-fotografli-raporlar","category-haberler-yerel","category-olaylar-ve-gercekler","category-suriye-ve-dunya","category-suriye-ve-turkiye","category-yerel"],"_links":{"self":[{"href":"https:\/\/archive.sana.sy\/tr\/index.php?rest_route=\/wp\/v2\/posts\/53647","targetHints":{"allow":["GET"]}}],"collection":[{"href":"https:\/\/archive.sana.sy\/tr\/index.php?rest_route=\/wp\/v2\/posts"}],"about":[{"href":"https:\/\/archive.sana.sy\/tr\/index.php?rest_route=\/wp\/v2\/types\/post"}],"author":[{"embeddable":true,"href":"https:\/\/archive.sana.sy\/tr\/index.php?rest_route=\/wp\/v2\/users\/1"}],"replies":[{"embeddable":true,"href":"https:\/\/archive.sana.sy\/tr\/index.php?rest_route=%2Fwp%2Fv2%2Fcomments&post=53647"}],"version-history":[{"count":0,"href":"https:\/\/archive.sana.sy\/tr\/index.php?rest_route=\/wp\/v2\/posts\/53647\/revisions"}],"wp:featuredmedia":[{"embeddable":true,"href":"https:\/\/archive.sana.sy\/tr\/index.php?rest_route=\/wp\/v2\/media\/53650"}],"wp:attachment":[{"href":"https:\/\/archive.sana.sy\/tr\/index.php?rest_route=%2Fwp%2Fv2%2Fmedia&parent=53647"}],"wp:term":[{"taxonomy":"category","embeddable":true,"href":"https:\/\/archive.sana.sy\/tr\/index.php?rest_route=%2Fwp%2Fv2%2Fcategories&post=53647"},{"taxonomy":"post_tag","embeddable":true,"href":"https:\/\/archive.sana.sy\/tr\/index.php?rest_route=%2Fwp%2Fv2%2Ftags&post=53647"}],"curies":[{"name":"wp","href":"https:\/\/api.w.org\/{rel}","templated":true}]}}