{"id":53656,"date":"2015-11-28T12:21:36","date_gmt":"2015-11-28T10:21:36","guid":{"rendered":"http:\/\/www.sana.sy\/tr\/?p=53656"},"modified":"2015-11-28T12:21:36","modified_gmt":"2015-11-28T10:21:36","slug":"turkiyeli-isidciler-fasta-yakalandi","status":"publish","type":"post","link":"https:\/\/archive.sana.sy\/tr\/?p=53656","title":{"rendered":"T\u00fcrkiyeli I\u015e\u0130D\u2019\u00e7iler Fas\u2019ta Yakaland\u0131"},"content":{"rendered":"<p>RABAT \u2013 Fas \u0130\u00e7i\u015fleri Bakanl\u0131\u011f\u0131 d\u00fcn gece g\u00fcvenlik g\u00fc\u00e7lerinin Cezayir ile s\u0131n\u0131r kenti olan Vecde Kentinde I\u015e\u0130D ter\u00f6r \u00f6rg\u00fct\u00fcne tabi 1 Fasl\u0131 ve 2 T\u00fcrkiyeli vatanda\u015f\u0131 tutuklad\u0131klar\u0131n\u0131 ilan etti.<\/p>\n<p>Fas \u0130\u00e7i\u015fleri Bakanl\u0131\u011f\u0131 AFP\u2019nin aktard\u0131\u011f\u0131 beyan\u0131nda T\u00fcrkiyeli 2 ter\u00f6ristin Fasl\u0131 ortaklar\u0131yla birlikte tutuklanmalar\u0131n\u0131n temel nedeninin Fasl\u0131 bir telekom\u00fcnikasyon \u015firketine ait telefon g\u00f6r\u00fc\u015fmelerini geli\u015fmi\u015f teknolojik cihazlarla \u00e7almalar\u0131 oldu\u011funu a\u00e7\u0131klad\u0131.Bakanl\u0131k beyan\u0131nda yakalanan T\u00fcrkiyeli ter\u00f6ristlerden birinin Suriye&#8217;nin Hama ili k\u0131rsal\u0131nda I\u015e\u0130D ter\u00f6r kamplar\u0131nda e\u011fitim al\u0131p Suriye ordusuna kar\u015f\u0131 ter\u00f6r eylemlerine kat\u0131lm\u0131\u015f oldu\u011funa dikkat \u00e7ekti. T\u00fcrkiyeli iki I\u015e\u0130D\u2019\u00e7inin T\u00fcrkiye&#8217;de Suriye s\u0131n\u0131rlar\u0131na yak\u0131n bir kentte ikamet ettiklerinin ifade edildi\u011fi beyanda; I\u015e\u0130D komutanlar\u0131yla ba\u011flant\u0131lar\u0131 ve I\u015e\u0130D\u2019e lojistik destek sa\u011flad\u0131klar\u0131n\u0131n tespit edildi\u011fi kaydedildi.<\/p>\n<p>Beyanda soru\u015fturmalar\u0131n tamamlanmas\u0131 ard\u0131ndan s\u00f6z konusu ter\u00f6ristlerin mahkemeye sunulaca\u011f\u0131 ifade edildi.<\/p>\n","protected":false},"excerpt":{"rendered":"<p>RABAT \u2013 Fas \u0130\u00e7i\u015fleri Bakanl\u0131\u011f\u0131 d\u00fcn gece g\u00fcvenlik g\u00fc\u00e7lerinin Cezayir ile s\u0131n\u0131r kenti olan Vecde Kentinde I\u015e\u0130D ter\u00f6r \u00f6rg\u00fct\u00fcne tabi 1 Fasl\u0131 ve 2 T\u00fcrkiyeli vatanda\u015f\u0131 tutuklad\u0131klar\u0131n\u0131 ilan etti. Fas \u0130\u00e7i\u015fleri Bakanl\u0131\u011f\u0131 AFP\u2019nin aktard\u0131\u011f\u0131 beyan\u0131nda T\u00fcrkiyeli 2 ter\u00f6ristin Fasl\u0131 ortaklar\u0131yla birlikte tutuklanmalar\u0131n\u0131n temel nedeninin Fasl\u0131 bir telekom\u00fcnikasyon \u015firketine ait telefon g\u00f6r\u00fc\u015fmelerini geli\u015fmi\u015f teknolojik cihazlarla \u00e7almalar\u0131 &hellip;<\/p>\n","protected":false},"author":1,"featured_media":53657,"comment_status":"closed","ping_status":"closed","sticky":false,"template":"","format":"standard","meta":{"footnotes":""},"categories":[458,459,447,2554,2555],"tags":[17866],"class_list":["post-53656","post","type-post","status-publish","format-standard","has-post-thumbnail","","category-dunya1","category-haberler-arap-uluslararasi-politika","category-politika","category-suriye-ve-dunya","category-suriye-ve-turkiye","tag-turkiyeli-isidciler-fasta-yakalandi"],"_links":{"self":[{"href":"https:\/\/archive.sana.sy\/tr\/index.php?rest_route=\/wp\/v2\/posts\/53656","targetHints":{"allow":["GET"]}}],"collection":[{"href":"https:\/\/archive.sana.sy\/tr\/index.php?rest_route=\/wp\/v2\/posts"}],"about":[{"href":"https:\/\/archive.sana.sy\/tr\/index.php?rest_route=\/wp\/v2\/types\/post"}],"author":[{"embeddable":true,"href":"https:\/\/archive.sana.sy\/tr\/index.php?rest_route=\/wp\/v2\/users\/1"}],"replies":[{"embeddable":true,"href":"https:\/\/archive.sana.sy\/tr\/index.php?rest_route=%2Fwp%2Fv2%2Fcomments&post=53656"}],"version-history":[{"count":0,"href":"https:\/\/archive.sana.sy\/tr\/index.php?rest_route=\/wp\/v2\/posts\/53656\/revisions"}],"wp:featuredmedia":[{"embeddable":true,"href":"https:\/\/archive.sana.sy\/tr\/index.php?rest_route=\/wp\/v2\/media\/53657"}],"wp:attachment":[{"href":"https:\/\/archive.sana.sy\/tr\/index.php?rest_route=%2Fwp%2Fv2%2Fmedia&parent=53656"}],"wp:term":[{"taxonomy":"category","embeddable":true,"href":"https:\/\/archive.sana.sy\/tr\/index.php?rest_route=%2Fwp%2Fv2%2Fcategories&post=53656"},{"taxonomy":"post_tag","embeddable":true,"href":"https:\/\/archive.sana.sy\/tr\/index.php?rest_route=%2Fwp%2Fv2%2Ftags&post=53656"}],"curies":[{"name":"wp","href":"https:\/\/api.w.org\/{rel}","templated":true}]}}