{"id":53659,"date":"2015-11-28T10:00:36","date_gmt":"2015-11-28T08:00:36","guid":{"rendered":"http:\/\/www.sana.sy\/tr\/?p=53659"},"modified":"2015-11-28T13:17:16","modified_gmt":"2015-11-28T11:17:16","slug":"hava-guclerimiz-idlib-ve-hama-kirsallarinin-latamina-maarkibba-aydun-ve-temania-bolgelerinde-turkiyedeki-rejimle-lojistik-ve-istihbarat-baglantilari-bulunan-cokuluslu-tekfircilerin-karargah-ve-ara","status":"publish","type":"post","link":"https:\/\/archive.sana.sy\/tr\/?p=53659","title":{"rendered":"Hava g\u00fc\u00e7lerimiz \u0130dlib ve Hama k\u0131rsallar\u0131n\u0131n Latamina, Maarkibba, Aydun ve Temania b\u00f6lgelerinde T\u00fcrkiye&#8217;deki rejimle lojistik ve istihbarat ba\u011flant\u0131lar\u0131 bulunan \u00e7okuluslu tekfircilerin karargah ve ara\u00e7lar\u0131n\u0131 imha etti."},"content":{"rendered":"<p>Hava g\u00fc\u00e7lerimiz \u0130dlib ve Hama k\u0131rsallar\u0131n\u0131n Latamina, Maarkibba, Aydun ve Temania b\u00f6lgelerinde T\u00fcrkiye&#8217;deki rejimle lojistik ve istihbarat ba\u011flant\u0131lar\u0131 bulunan \u00e7okuluslu tekfircilerin karargah ve ara\u00e7lar\u0131n\u0131 imha etti.<\/p>\n","protected":false},"excerpt":{"rendered":"<p>Hava g\u00fc\u00e7lerimiz \u0130dlib ve Hama k\u0131rsallar\u0131n\u0131n Latamina, Maarkibba, Aydun ve Temania b\u00f6lgelerinde T\u00fcrkiye&#8217;deki rejimle lojistik ve istihbarat ba\u011flant\u0131lar\u0131 bulunan \u00e7okuluslu tekfircilerin karargah ve ara\u00e7lar\u0131n\u0131 imha etti.<\/p>\n","protected":false},"author":1,"featured_media":0,"comment_status":"closed","ping_status":"closed","sticky":false,"template":"","format":"standard","meta":{"footnotes":""},"categories":[1],"tags":[],"class_list":["post-53659","post","type-post","status-publish","format-standard","","category-news-not-sorted"],"_links":{"self":[{"href":"https:\/\/archive.sana.sy\/tr\/index.php?rest_route=\/wp\/v2\/posts\/53659","targetHints":{"allow":["GET"]}}],"collection":[{"href":"https:\/\/archive.sana.sy\/tr\/index.php?rest_route=\/wp\/v2\/posts"}],"about":[{"href":"https:\/\/archive.sana.sy\/tr\/index.php?rest_route=\/wp\/v2\/types\/post"}],"author":[{"embeddable":true,"href":"https:\/\/archive.sana.sy\/tr\/index.php?rest_route=\/wp\/v2\/users\/1"}],"replies":[{"embeddable":true,"href":"https:\/\/archive.sana.sy\/tr\/index.php?rest_route=%2Fwp%2Fv2%2Fcomments&post=53659"}],"version-history":[{"count":0,"href":"https:\/\/archive.sana.sy\/tr\/index.php?rest_route=\/wp\/v2\/posts\/53659\/revisions"}],"wp:attachment":[{"href":"https:\/\/archive.sana.sy\/tr\/index.php?rest_route=%2Fwp%2Fv2%2Fmedia&parent=53659"}],"wp:term":[{"taxonomy":"category","embeddable":true,"href":"https:\/\/archive.sana.sy\/tr\/index.php?rest_route=%2Fwp%2Fv2%2Fcategories&post=53659"},{"taxonomy":"post_tag","embeddable":true,"href":"https:\/\/archive.sana.sy\/tr\/index.php?rest_route=%2Fwp%2Fv2%2Ftags&post=53659"}],"curies":[{"name":"wp","href":"https:\/\/api.w.org\/{rel}","templated":true}]}}