{"id":53660,"date":"2015-11-28T08:00:52","date_gmt":"2015-11-28T06:00:52","guid":{"rendered":"http:\/\/www.sana.sy\/tr\/?p=53660"},"modified":"2015-11-28T13:02:11","modified_gmt":"2015-11-28T11:02:11","slug":"askeri-kaynak-deyrezzor-kentinin-bir-kisim-semtleri-ve-deyrezzor-havalimanina-saldirmaya-calisan-isid-tekfircileri-ile-ordu-birliklerimiz-arasinda-siddetli-catismalarin-yasandigini-belirtti-kaynak-ca","status":"publish","type":"post","link":"https:\/\/archive.sana.sy\/tr\/?p=53660","title":{"rendered":"Askeri kaynak Deyrezzor Kentinin bir k\u0131s\u0131m semtleri ve Deyrezzor Havaliman\u0131na sald\u0131rmaya \u00e7al\u0131\u015fan I\u015e\u0130D tekfircileri ile ordu birliklerimiz aras\u0131nda \u015fiddetli \u00e7at\u0131\u015fmalar\u0131n ya\u015fand\u0131\u011f\u0131n\u0131 belirtti. Kaynak \u00e7at\u0131\u015fmalarda sald\u0131rganlar\u0131n a\u011f\u0131r silahlar\u0131, ara\u00e7lar\u0131 ve say\u0131lar\u0131yla b\u00fcy\u00fck kay\u0131plara u\u011frat\u0131ld\u0131klar\u0131n\u0131, sa\u011f kalanlar\u0131n ise silahlar\u0131n\u0131 terk edip ka\u00e7\u0131\u015ft\u0131klar\u0131n\u0131 aktard\u0131."},"content":{"rendered":"<p>Askeri kaynak Deyrezzor Kentinin bir k\u0131s\u0131m semtleri ve Deyrezzor Havaliman\u0131na sald\u0131rmaya \u00e7al\u0131\u015fan I\u015e\u0130D tekfircileri ile ordu birliklerimiz aras\u0131nda \u015fiddetli \u00e7at\u0131\u015fmalar\u0131n ya\u015fand\u0131\u011f\u0131n\u0131 belirtti. Kaynak \u00e7at\u0131\u015fmalarda sald\u0131rganlar\u0131n a\u011f\u0131r silahlar\u0131, ara\u00e7lar\u0131 ve say\u0131lar\u0131yla b\u00fcy\u00fck kay\u0131plara u\u011frat\u0131ld\u0131klar\u0131n\u0131, sa\u011f kalanlar\u0131n ise silahlar\u0131n\u0131 terk edip ka\u00e7\u0131\u015ft\u0131klar\u0131n\u0131 aktard\u0131.<\/p>\n","protected":false},"excerpt":{"rendered":"<p>Askeri kaynak Deyrezzor Kentinin bir k\u0131s\u0131m semtleri ve Deyrezzor Havaliman\u0131na sald\u0131rmaya \u00e7al\u0131\u015fan I\u015e\u0130D tekfircileri ile ordu birliklerimiz aras\u0131nda \u015fiddetli \u00e7at\u0131\u015fmalar\u0131n ya\u015fand\u0131\u011f\u0131n\u0131 belirtti. Kaynak \u00e7at\u0131\u015fmalarda sald\u0131rganlar\u0131n a\u011f\u0131r silahlar\u0131, ara\u00e7lar\u0131 ve say\u0131lar\u0131yla b\u00fcy\u00fck kay\u0131plara u\u011frat\u0131ld\u0131klar\u0131n\u0131, sa\u011f kalanlar\u0131n ise silahlar\u0131n\u0131 terk edip ka\u00e7\u0131\u015ft\u0131klar\u0131n\u0131 aktard\u0131.<\/p>\n","protected":false},"author":1,"featured_media":0,"comment_status":"closed","ping_status":"closed","sticky":false,"template":"","format":"standard","meta":{"footnotes":""},"categories":[1],"tags":[],"class_list":["post-53660","post","type-post","status-publish","format-standard","","category-news-not-sorted"],"_links":{"self":[{"href":"https:\/\/archive.sana.sy\/tr\/index.php?rest_route=\/wp\/v2\/posts\/53660","targetHints":{"allow":["GET"]}}],"collection":[{"href":"https:\/\/archive.sana.sy\/tr\/index.php?rest_route=\/wp\/v2\/posts"}],"about":[{"href":"https:\/\/archive.sana.sy\/tr\/index.php?rest_route=\/wp\/v2\/types\/post"}],"author":[{"embeddable":true,"href":"https:\/\/archive.sana.sy\/tr\/index.php?rest_route=\/wp\/v2\/users\/1"}],"replies":[{"embeddable":true,"href":"https:\/\/archive.sana.sy\/tr\/index.php?rest_route=%2Fwp%2Fv2%2Fcomments&post=53660"}],"version-history":[{"count":0,"href":"https:\/\/archive.sana.sy\/tr\/index.php?rest_route=\/wp\/v2\/posts\/53660\/revisions"}],"wp:attachment":[{"href":"https:\/\/archive.sana.sy\/tr\/index.php?rest_route=%2Fwp%2Fv2%2Fmedia&parent=53660"}],"wp:term":[{"taxonomy":"category","embeddable":true,"href":"https:\/\/archive.sana.sy\/tr\/index.php?rest_route=%2Fwp%2Fv2%2Fcategories&post=53660"},{"taxonomy":"post_tag","embeddable":true,"href":"https:\/\/archive.sana.sy\/tr\/index.php?rest_route=%2Fwp%2Fv2%2Ftags&post=53660"}],"curies":[{"name":"wp","href":"https:\/\/api.w.org\/{rel}","templated":true}]}}