{"id":53677,"date":"2015-11-28T13:45:03","date_gmt":"2015-11-28T11:45:03","guid":{"rendered":"http:\/\/www.sana.sy\/tr\/?p=53677"},"modified":"2015-11-28T13:45:03","modified_gmt":"2015-11-28T11:45:03","slug":"bilal-erdoganin-baglantilarina-iliskin-belirli-verilerimiz-var","status":"publish","type":"post","link":"https:\/\/archive.sana.sy\/tr\/?p=53677","title":{"rendered":"Bilal Erdo\u011fan\u2019\u0131n Ba\u011flant\u0131lar\u0131na \u0130li\u015fkin Belirli Verilerimiz Var"},"content":{"rendered":"<p>MOSKOVA \u2013 Medya raporlar\u0131nda T\u00fcrkiye&#8217;de rejim ba\u015fkan\u0131 Recep Tayip Erdo\u011fan\u2019\u0131n o\u011flu Bilal\u2019in I\u015e\u0130D ile derin ba\u011flant\u0131lar\u0131 ve I\u015e\u0130D\u2019in petrol ticaretiyle ili\u015fkisinin de\u015fifre edildi\u011fi bir zamanda Rusya Ba\u015fkanl\u0131k Saray\u0131 Kremlin\u2019in resmi s\u00f6zc\u00fcs\u00fc Dimitry Peskov; Bilal\u2019in petrol ticaretiyle ba\u011flant\u0131lar\u0131 konusunda Moskova\u2019n\u0131n belirli verilere sahip oldu\u011funu belirtti.<\/p>\n<p>Peskov Rusya 1 Televizyonuna bug\u00fcn yapt\u0131\u011f\u0131 a\u00e7\u0131klamada; Erdo\u011fan\u2019\u0131n o\u011flu Bilal\u2019in petrol ticaretiyle ba\u011flant\u0131lar\u0131 konusunda Rusya&#8217;n\u0131n bir k\u0131s\u0131m verilere sahip oldu\u011funu, fakat kendisinin bu verilerin ayr\u0131nt\u0131lar\u0131n\u0131 bilmedi\u011fini s\u00f6yledi. Peskov Erdo\u011fan\u2019\u0131n damad\u0131n\u0131n ise T\u00fcrkiye h\u00fck\u00fcmetinde enerji bakan\u0131 g\u00f6revinde bulundu\u011funa da dikkat \u00e7ekti.<\/p>\n<p>Rusya D\u0131\u015fi\u015fleri Bakanl\u0131\u011f\u0131 resmi s\u00f6zc\u00fcs\u00fc Maria Zakharova ge\u00e7en Per\u015fembe g\u00fcn\u00fc yapt\u0131\u011f\u0131 a\u00e7\u0131klamada rejim ba\u015fkan\u0131 Erdo\u011fan\u2019\u0131n I\u015e\u0130D ile petrol ticaretine bula\u015ft\u0131\u011f\u0131n\u0131 kan\u0131tlayan bir dizi bilginin var oldu\u011funu ifade etmi\u015fti.<\/p>\n<p>\u00d6te yandan Peskov T\u00fcrkiye&#8217;deki rejimin Rus bir sava\u015f u\u00e7a\u011f\u0131n\u0131 Suriye hava sahas\u0131nda d\u00fc\u015f\u00fcrmesi arkas\u0131ndaki nedenin net olmad\u0131\u011f\u0131na dikkat \u00e7ekerken, bu gibi provokat\u00f6r tutumun ne Rusya, ne NATO, ne de T\u00fcrkiye&#8217;nin \u00e7\u0131karlar\u0131na hizmet etmedi\u011finin alt\u0131n\u0131 \u00e7izdi. Rusya&#8217;da ekonomik ve ticari faaliyetleri bulunan T\u00fcrk i\u015f adamlar\u0131n\u0131n bu meseleden endi\u015feli ve \u015fikayet\u00e7i olduklar\u0131na dikkat \u00e7eken Peskov; T\u00fcrkiye&#8217;de bir\u00e7ok taraftan meseleye ili\u015fkin rahats\u0131zl\u0131\u011f\u0131n ifade edildi\u011fi mesajlar ald\u0131klar\u0131n\u0131 belirtti.<\/p>\n","protected":false},"excerpt":{"rendered":"<p>MOSKOVA \u2013 Medya raporlar\u0131nda T\u00fcrkiye&#8217;de rejim ba\u015fkan\u0131 Recep Tayip Erdo\u011fan\u2019\u0131n o\u011flu Bilal\u2019in I\u015e\u0130D ile derin ba\u011flant\u0131lar\u0131 ve I\u015e\u0130D\u2019in petrol ticaretiyle ili\u015fkisinin de\u015fifre edildi\u011fi bir zamanda Rusya Ba\u015fkanl\u0131k Saray\u0131 Kremlin\u2019in resmi s\u00f6zc\u00fcs\u00fc Dimitry Peskov; Bilal\u2019in petrol ticaretiyle ba\u011flant\u0131lar\u0131 konusunda Moskova\u2019n\u0131n belirli verilere sahip oldu\u011funu belirtti. Peskov Rusya 1 Televizyonuna bug\u00fcn yapt\u0131\u011f\u0131 a\u00e7\u0131klamada; Erdo\u011fan\u2019\u0131n o\u011flu Bilal\u2019in petrol &hellip;<\/p>\n","protected":false},"author":1,"featured_media":53678,"comment_status":"closed","ping_status":"closed","sticky":false,"template":"","format":"standard","meta":{"footnotes":""},"categories":[458,459,447,2554,2555],"tags":[17869],"class_list":["post-53677","post","type-post","status-publish","format-standard","has-post-thumbnail","","category-dunya1","category-haberler-arap-uluslararasi-politika","category-politika","category-suriye-ve-dunya","category-suriye-ve-turkiye","tag-bilal-erdoganin-baglantilarina-iliskin-belirli-verilerimiz-var"],"_links":{"self":[{"href":"https:\/\/archive.sana.sy\/tr\/index.php?rest_route=\/wp\/v2\/posts\/53677","targetHints":{"allow":["GET"]}}],"collection":[{"href":"https:\/\/archive.sana.sy\/tr\/index.php?rest_route=\/wp\/v2\/posts"}],"about":[{"href":"https:\/\/archive.sana.sy\/tr\/index.php?rest_route=\/wp\/v2\/types\/post"}],"author":[{"embeddable":true,"href":"https:\/\/archive.sana.sy\/tr\/index.php?rest_route=\/wp\/v2\/users\/1"}],"replies":[{"embeddable":true,"href":"https:\/\/archive.sana.sy\/tr\/index.php?rest_route=%2Fwp%2Fv2%2Fcomments&post=53677"}],"version-history":[{"count":0,"href":"https:\/\/archive.sana.sy\/tr\/index.php?rest_route=\/wp\/v2\/posts\/53677\/revisions"}],"wp:featuredmedia":[{"embeddable":true,"href":"https:\/\/archive.sana.sy\/tr\/index.php?rest_route=\/wp\/v2\/media\/53678"}],"wp:attachment":[{"href":"https:\/\/archive.sana.sy\/tr\/index.php?rest_route=%2Fwp%2Fv2%2Fmedia&parent=53677"}],"wp:term":[{"taxonomy":"category","embeddable":true,"href":"https:\/\/archive.sana.sy\/tr\/index.php?rest_route=%2Fwp%2Fv2%2Fcategories&post=53677"},{"taxonomy":"post_tag","embeddable":true,"href":"https:\/\/archive.sana.sy\/tr\/index.php?rest_route=%2Fwp%2Fv2%2Ftags&post=53677"}],"curies":[{"name":"wp","href":"https:\/\/api.w.org\/{rel}","templated":true}]}}