{"id":53680,"date":"2015-11-28T14:03:24","date_gmt":"2015-11-28T12:03:24","guid":{"rendered":"http:\/\/www.sana.sy\/tr\/?p=53680"},"modified":"2015-11-28T14:03:24","modified_gmt":"2015-11-28T12:03:24","slug":"uluslararasi-terorun-en-buyuk-destekcisi-erdogandir","status":"publish","type":"post","link":"https:\/\/archive.sana.sy\/tr\/?p=53680","title":{"rendered":"Uluslararas\u0131 Ter\u00f6r\u00fcn En B\u00fcy\u00fck Destek\u00e7isi Erdo\u011fan\u2019d\u0131r"},"content":{"rendered":"<p>BA\u011eDAT \u2013 Irakl\u0131 parlamenterler T\u00fcrkiye&#8217;de ihvanc\u0131 rejim ba\u015fkan\u0131 Recep Tayip Erdo\u011fan\u2019\u0131n despot davran\u0131\u015flar\u0131n\u0131n yan\u0131 s\u0131ra b\u00f6lge ve d\u00fcnya bar\u0131\u015f g\u00fcvenli\u011fine kar\u015f\u0131 te\u015fkil etti\u011fi tehlikeden uyard\u0131.<\/p>\n<p>Ba\u011fdat\u2019ta SANA muhabirine yapt\u0131klar\u0131 a\u00e7\u0131klamalarda Irakl\u0131 parlamenterler; Erdo\u011fan\u2019\u0131n T\u00fcrkiye&#8217;yi \u00e7okuluslu ter\u00f6ristlerin kamp\u0131na ve g\u00fcvenli bar\u0131na\u011f\u0131na d\u00f6n\u00fc\u015ft\u00fcrd\u00fc\u011f\u00fcn\u00fc vurgulad\u0131. Uluslar aras\u0131 toplumun bu zorban\u0131n davran\u0131\u015flar\u0131 kar\u015f\u0131s\u0131ndaki sessizli\u011fini ele\u015ftiren parlamenterler; bu \u00e7ifte standartl\u0131 tutumlar ve g\u00f6rmezden gelme tutumlar\u0131n\u0131n t\u00fcm d\u00fcnyay\u0131 sava\u015fa s\u00fcr\u00fckleyece\u011fine i\u015faret ettiler.<\/p>\n<p>Kanun Devleti Koalisyonundan Milletvekili Aliye Nasif; b\u00f6lge ve d\u00fcnya g\u00fcvenlik istikrar\u0131na ciddi bir tehlike te\u015fkil eden Erdo\u011fan\u2019\u0131n ter\u00f6re deste\u011fi ile ars\u0131zca \u00f6v\u00fcnmesini ele\u015ftirdi.<\/p>\n<p>Milletvekili Nasif T\u00fcrk sava\u015f u\u00e7aklar\u0131n\u0131n ter\u00f6re destek amac\u0131yla Suriye ve Irak hava sahalar\u0131n\u0131 g\u00fcn\u00fc birlik ihlal ettikleri bir zamanda Erdo\u011fan g\u00fc\u00e7lerinin Rus sava\u015f u\u00e7a\u011f\u0131n\u0131 Lazkiye semalar\u0131nda d\u00fc\u015f\u00fcrmelerinin hi\u00e7bir mant\u0131\u011f\u0131 yada gerek\u00e7esi olmad\u0131\u011f\u0131n\u0131 ifade etti.<\/p>\n<p>Irak Ulusalc\u0131 Koalisyonundan Milletvekili Muhammed Sadun el Seyhud ise Erdo\u011fan\u2019\u0131n T\u00fcrkiye&#8217;yi adeta ter\u00f6r kamp\u0131na d\u00f6n\u00fc\u015ft\u00fcrd\u00fc\u011f\u00fcn\u00fc ifade ederken, uluslar aras\u0131 toplumun bu y\u00f6ndeki sessizli\u011fini ele\u015ftirdi. Seyhud T\u00fcrkiye&#8217;nin Erdo\u011fan ve rejiminin uluslar aras\u0131 kiral\u0131k ve tekfirci ter\u00f6r\u00fcn en b\u00fcy\u00fck destek\u00e7isi oldu\u011funun alt\u0131n\u0131 \u00e7izdi.<\/p>\n<p>Seyhud Erdo\u011fan ve rejiminin b\u00f6lge ve halklar\u0131n\u0131 ciddi \u015fekilde tehdit etti\u011fini belirtirken, olas\u0131 bir sava\u015fta herkesten \u00f6nce ve en \u00e7ok T\u00fcrkiye ve halk\u0131n\u0131n zarar g\u00f6rece\u011fini ifade etti.<\/p>\n<p>Vatanda\u015f Grubundan Milletvekili Sad\u0131k el Lebban da Irak h\u00fck\u00fcmetini, T\u00fcrkiye&#8217;nin Ba\u011fdat b\u00fcy\u00fckel\u00e7isini \u00e7a\u011f\u0131rma ve Irak\u2019ta meydana gelen ter\u00f6r eylemlerinin sorumlulu\u011funu T\u00fcrkiye&#8217;deki rejime y\u00fcklemeye davet etti.<\/p>\n<p>Lebban Rusya&#8217;n\u0131n, T\u00fcrkiye&#8217;deki rejimin tekfirci ter\u00f6ristlere sa\u011flad\u0131\u011f\u0131 destek ve korumay\u0131 net bir \u015fekilde kan\u0131tlamas\u0131 ard\u0131ndan Rus u\u00e7a\u011f\u0131n d\u00fc\u015f\u00fcr\u00fclmesine istedi\u011fi \u015fekilde cevap verme me\u015frulu\u011funa sahip oldu\u011funun alt\u0131n\u0131 \u00e7izdi.<\/p>\n","protected":false},"excerpt":{"rendered":"<p>BA\u011eDAT \u2013 Irakl\u0131 parlamenterler T\u00fcrkiye&#8217;de ihvanc\u0131 rejim ba\u015fkan\u0131 Recep Tayip Erdo\u011fan\u2019\u0131n despot davran\u0131\u015flar\u0131n\u0131n yan\u0131 s\u0131ra b\u00f6lge ve d\u00fcnya bar\u0131\u015f g\u00fcvenli\u011fine kar\u015f\u0131 te\u015fkil etti\u011fi tehlikeden uyard\u0131. Ba\u011fdat\u2019ta SANA muhabirine yapt\u0131klar\u0131 a\u00e7\u0131klamalarda Irakl\u0131 parlamenterler; Erdo\u011fan\u2019\u0131n T\u00fcrkiye&#8217;yi \u00e7okuluslu ter\u00f6ristlerin kamp\u0131na ve g\u00fcvenli bar\u0131na\u011f\u0131na d\u00f6n\u00fc\u015ft\u00fcrd\u00fc\u011f\u00fcn\u00fc vurgulad\u0131. Uluslar aras\u0131 toplumun bu zorban\u0131n davran\u0131\u015flar\u0131 kar\u015f\u0131s\u0131ndaki sessizli\u011fini ele\u015ftiren parlamenterler; bu \u00e7ifte standartl\u0131 &hellip;<\/p>\n","protected":false},"author":1,"featured_media":53681,"comment_status":"closed","ping_status":"closed","sticky":false,"template":"","format":"standard","meta":{"footnotes":""},"categories":[458,459,447,2554,2555],"tags":[17870],"class_list":["post-53680","post","type-post","status-publish","format-standard","has-post-thumbnail","","category-dunya1","category-haberler-arap-uluslararasi-politika","category-politika","category-suriye-ve-dunya","category-suriye-ve-turkiye","tag-uluslararasi-terorun-en-buyuk-destekcisi-erdogandir"],"_links":{"self":[{"href":"https:\/\/archive.sana.sy\/tr\/index.php?rest_route=\/wp\/v2\/posts\/53680","targetHints":{"allow":["GET"]}}],"collection":[{"href":"https:\/\/archive.sana.sy\/tr\/index.php?rest_route=\/wp\/v2\/posts"}],"about":[{"href":"https:\/\/archive.sana.sy\/tr\/index.php?rest_route=\/wp\/v2\/types\/post"}],"author":[{"embeddable":true,"href":"https:\/\/archive.sana.sy\/tr\/index.php?rest_route=\/wp\/v2\/users\/1"}],"replies":[{"embeddable":true,"href":"https:\/\/archive.sana.sy\/tr\/index.php?rest_route=%2Fwp%2Fv2%2Fcomments&post=53680"}],"version-history":[{"count":0,"href":"https:\/\/archive.sana.sy\/tr\/index.php?rest_route=\/wp\/v2\/posts\/53680\/revisions"}],"wp:featuredmedia":[{"embeddable":true,"href":"https:\/\/archive.sana.sy\/tr\/index.php?rest_route=\/wp\/v2\/media\/53681"}],"wp:attachment":[{"href":"https:\/\/archive.sana.sy\/tr\/index.php?rest_route=%2Fwp%2Fv2%2Fmedia&parent=53680"}],"wp:term":[{"taxonomy":"category","embeddable":true,"href":"https:\/\/archive.sana.sy\/tr\/index.php?rest_route=%2Fwp%2Fv2%2Fcategories&post=53680"},{"taxonomy":"post_tag","embeddable":true,"href":"https:\/\/archive.sana.sy\/tr\/index.php?rest_route=%2Fwp%2Fv2%2Ftags&post=53680"}],"curies":[{"name":"wp","href":"https:\/\/api.w.org\/{rel}","templated":true}]}}