{"id":53693,"date":"2015-11-28T14:38:48","date_gmt":"2015-11-28T12:38:48","guid":{"rendered":"http:\/\/www.sana.sy\/tr\/?p=53693"},"modified":"2015-11-28T14:38:48","modified_gmt":"2015-11-28T12:38:48","slug":"erdogan-rejimi-iside-tanker-satiyor","status":"publish","type":"post","link":"https:\/\/archive.sana.sy\/tr\/?p=53693","title":{"rendered":"Erdo\u011fan Rejimi I\u015e\u0130D\u2019e Tanker Sat\u0131yor"},"content":{"rendered":"<p>ANKARA \u2013 T\u00fcrkiye&#8217;de Erdo\u011fan rejiminin ter\u00f6ristlerle i\u015fbirli\u011fi i\u00e7inde petrol h\u0131rs\u0131zl\u0131\u011f\u0131 yapt\u0131\u011f\u0131n\u0131n yeni bir kan\u0131t\u0131 olarak T\u00fcrkiye&#8217;den ter\u00f6ristlere tanker sat\u0131\u015f\u0131n\u0131n ciddi \u015fekilde artt\u0131\u011f\u0131 g\u00f6r\u00fcld\u00fc.<\/p>\n<p>T\u00fcrkiye&#8217;de Ulusal Kanal web sitesinin aktard\u0131\u011f\u0131 haberde Suriye&#8217;deki petrol kuyular\u0131n\u0131n I\u015e\u0130D&#8217;in eline ge\u00e7mesiyle birlikte, T\u00fcrkiye petrol ta\u015f\u0131mac\u0131l\u0131\u011f\u0131 i\u00e7in binlerce tankeri Suriye&#8217;ye satt\u0131\u011f\u0131 ifade edildi. T\u00fcrkiye \u0130statistik Kurumu verilerine dayand\u0131r\u0131lan haberde; Suriye&#8217;ye yap\u0131lan tanker r\u00f6mork sat\u0131\u015f\u0131n\u0131n 7 milyon 135 bin dolar\u0131 buldu\u011fu kaydedildi. Haberde tanker r\u00f6morklar\u0131n kime sat\u0131ld\u0131\u011f\u0131na ili\u015fkin a\u00e7\u0131klama yer almazken; T\u00fcrkiye&#8217;deki rejimin Suriye h\u00fck\u00fcmeti ile ili\u015fkilerinin kesik olmas\u0131yla I\u015e\u0130D, Nusra Cephesi ve daha ba\u015fka isimler alt\u0131nda faaliyet g\u00f6steren tekfirci ter\u00f6ristlerle ba\u011flant\u0131lar\u0131 her kes taraf\u0131nda n biliniyor. Ayn\u0131 zamanda \u00f6zellikle Recep Tayip Erdo\u011fan\u2019\u0131n o\u011flu Bilal\u2019in I\u015e\u0130D ile petrol ticareti yapt\u0131\u011f\u0131na ili\u015fkin medya raporlar\u0131 da konuya \u0131\u015f\u0131k tutuyor.<\/p>\n<p>Suriye&#8217;deki petrol kuyular\u0131n\u0131n I\u015e\u0130D ve PKK&#8217;n\u0131n kolu PYD&#8217;nin eline ge\u00e7mesiyle birlikte T\u00fcrkiye&#8217;den Suriye&#8217;ye tanker sat\u0131\u015f\u0131nda b\u00fcy\u00fck bir art\u0131\u015f ya\u015fand\u0131. T\u00fcrkiye \u0130statistik Kurumu verilerine g\u00f6re 2013 y\u0131l\u0131ndan bu yana Suriye&#8217;deki ter\u00f6r gruplar\u0131n\u0131n denetimindeki kap\u0131lardan yap\u0131lan tanker r\u00f6mork ihracat\u0131 toplam 7 milyon 135 bin dolar\u0131 buldu.<\/p>\n<p>Ayd\u0131nl\u0131k Gazetesi&#8217;nin haberine g\u00f6re, Suriye&#8217;ye T\u00fcrkiye&#8217;den petrol ta\u015f\u0131mac\u0131l\u0131\u011f\u0131 i\u00e7in y\u00fczlerce tanker girdi. En y\u00fcksek sat\u0131\u015f ise 2015 y\u0131l\u0131nda ger\u00e7ekle\u015fti. Suriye&#8217;deki petrol kuyular\u0131n\u0131n I\u015e\u0130D&#8217;in eline ge\u00e7mesiyle birlikte, T\u00fcrkiye petrol ta\u015f\u0131mac\u0131l\u0131\u011f\u0131 i\u00e7in binlerce tanker satt\u0131. T\u00fcrkiye \u0130statistik Kurumu verilerine g\u00f6re Suriye&#8217;ye yap\u0131lan tanker r\u00f6mork sat\u0131\u015f\u0131 7 milyon 135 bin dolar\u0131 buldu.<\/p>\n<p>Ayd\u0131nl\u0131k Gazetesi&#8217;nin haberine g\u00f6re ise, Suriye&#8217;ye T\u00fcrkiye&#8217;den petrol ta\u015f\u0131mac\u0131l\u0131\u011f\u0131 i\u00e7in y\u00fczlerce tanker girdi. En y\u00fcksek sat\u0131\u015f ise 2015 y\u0131l\u0131nda ger\u00e7ekle\u015fti. Gazete T\u00fcrkiye \u0130statistik Kurumu verilerine dayand\u0131rd\u0131\u011f\u0131 haberinde sadece 2015&#8217;te 3 milyon 180 bin dolarl\u0131k tanker sat\u0131\u015f\u0131n\u0131n yap\u0131ld\u0131\u011f\u0131n\u0131 aktard\u0131.<\/p>\n","protected":false},"excerpt":{"rendered":"<p>ANKARA \u2013 T\u00fcrkiye&#8217;de Erdo\u011fan rejiminin ter\u00f6ristlerle i\u015fbirli\u011fi i\u00e7inde petrol h\u0131rs\u0131zl\u0131\u011f\u0131 yapt\u0131\u011f\u0131n\u0131n yeni bir kan\u0131t\u0131 olarak T\u00fcrkiye&#8217;den ter\u00f6ristlere tanker sat\u0131\u015f\u0131n\u0131n ciddi \u015fekilde artt\u0131\u011f\u0131 g\u00f6r\u00fcld\u00fc. T\u00fcrkiye&#8217;de Ulusal Kanal web sitesinin aktard\u0131\u011f\u0131 haberde Suriye&#8217;deki petrol kuyular\u0131n\u0131n I\u015e\u0130D&#8217;in eline ge\u00e7mesiyle birlikte, T\u00fcrkiye petrol ta\u015f\u0131mac\u0131l\u0131\u011f\u0131 i\u00e7in binlerce tankeri Suriye&#8217;ye satt\u0131\u011f\u0131 ifade edildi. T\u00fcrkiye \u0130statistik Kurumu verilerine dayand\u0131r\u0131lan haberde; Suriye&#8217;ye yap\u0131lan &hellip;<\/p>\n","protected":false},"author":1,"featured_media":53694,"comment_status":"closed","ping_status":"closed","sticky":false,"template":"","format":"standard","meta":{"footnotes":""},"categories":[458,459,447,2554,2555],"tags":[17872],"class_list":["post-53693","post","type-post","status-publish","format-standard","has-post-thumbnail","","category-dunya1","category-haberler-arap-uluslararasi-politika","category-politika","category-suriye-ve-dunya","category-suriye-ve-turkiye","tag-erdogan-rejimi-iside-tanker-satiyor"],"_links":{"self":[{"href":"https:\/\/archive.sana.sy\/tr\/index.php?rest_route=\/wp\/v2\/posts\/53693","targetHints":{"allow":["GET"]}}],"collection":[{"href":"https:\/\/archive.sana.sy\/tr\/index.php?rest_route=\/wp\/v2\/posts"}],"about":[{"href":"https:\/\/archive.sana.sy\/tr\/index.php?rest_route=\/wp\/v2\/types\/post"}],"author":[{"embeddable":true,"href":"https:\/\/archive.sana.sy\/tr\/index.php?rest_route=\/wp\/v2\/users\/1"}],"replies":[{"embeddable":true,"href":"https:\/\/archive.sana.sy\/tr\/index.php?rest_route=%2Fwp%2Fv2%2Fcomments&post=53693"}],"version-history":[{"count":0,"href":"https:\/\/archive.sana.sy\/tr\/index.php?rest_route=\/wp\/v2\/posts\/53693\/revisions"}],"wp:featuredmedia":[{"embeddable":true,"href":"https:\/\/archive.sana.sy\/tr\/index.php?rest_route=\/wp\/v2\/media\/53694"}],"wp:attachment":[{"href":"https:\/\/archive.sana.sy\/tr\/index.php?rest_route=%2Fwp%2Fv2%2Fmedia&parent=53693"}],"wp:term":[{"taxonomy":"category","embeddable":true,"href":"https:\/\/archive.sana.sy\/tr\/index.php?rest_route=%2Fwp%2Fv2%2Fcategories&post=53693"},{"taxonomy":"post_tag","embeddable":true,"href":"https:\/\/archive.sana.sy\/tr\/index.php?rest_route=%2Fwp%2Fv2%2Ftags&post=53693"}],"curies":[{"name":"wp","href":"https:\/\/api.w.org\/{rel}","templated":true}]}}