{"id":53706,"date":"2015-11-28T16:02:43","date_gmt":"2015-11-28T14:02:43","guid":{"rendered":"http:\/\/www.sana.sy\/tr\/?p=53706"},"modified":"2015-11-28T16:02:43","modified_gmt":"2015-11-28T14:02:43","slug":"tekfircilik-suudi-ve-katar-parasiyla-turkiye-rejiminin-yonlendirmeleriyle-yayildi","status":"publish","type":"post","link":"https:\/\/archive.sana.sy\/tr\/?p=53706","title":{"rendered":"Tekfircilik Suudi ve Katar Paras\u0131yla, T\u00fcrkiye Rejiminin Y\u00f6nlendirmeleriyle Yay\u0131ld\u0131"},"content":{"rendered":"<p>\u015eAM \u2013 Cumhuriyet Ba\u015f M\u00fcft\u00fcs\u00fc Ahmet Bedrettin Hassun Bat\u0131 d\u00fcnyas\u0131n\u0131n; Suriye\u2019nin asil tarihini, medeniyetini ve halk\u0131n\u0131 hedef alan evrensel ter\u00f6r kar\u015f\u0131s\u0131ndaki sessizli\u011fine son vermesi ve derin uykusundan uyanmas\u0131 gerekti\u011fini belirtti.<\/p>\n<p>Nobel Bar\u0131\u015f \u00d6d\u00fcl\u00fc sahibi Mairead Corrigan ba\u015fkanl\u0131\u011f\u0131nda d\u00fcnya bar\u0131\u015fseverler heyetiyle bug\u00fcn bir araya gelen Hassun; Paris\u2019in tan\u0131k oldu\u011fu ter\u00f6r sald\u0131r\u0131lar\u0131n\u0131n, tekfirci ter\u00f6r\u00fc \u00fclkelerinde kucaklayan Bat\u0131l\u0131lar i\u00e7in bir uyar\u0131 niteli\u011fi ta\u015f\u0131mas\u0131 gerekti\u011fine dikkat \u00e7ekti. Hassun ter\u00f6r\u00fcn er yada ge\u00e7 onu destekleyen ve besleyenlere d\u00f6nece\u011fine i\u015faret etti.<\/p>\n<p>Cumhuriyet Ba\u015f M\u00fcft\u00fcs\u00fc Hassun Suudi ve Katar paralar\u0131n\u0131n yan\u0131 s\u0131ra T\u00fcrkiye&#8217;nin destek ve y\u00f6nlendirmelerinin son y\u0131llarda radikal ideolojiyi destekleyip yay\u0131lmas\u0131na yol a\u00e7t\u0131\u011f\u0131n\u0131 s\u00f6yledi. Ayn\u0131 zamanda d\u00fcnyan\u0131n her yerinden kiral\u0131k ve tekfircilerin \u00f6rg\u00fctlenip ter\u00f6r olarak Suriye&#8217;ye g\u00f6nderilmelerine yol a\u00e7t\u0131\u011f\u0131n\u0131 belirten Hassun; bu ter\u00f6r\u00fcn insanlar\u0131 katledip her \u015feyi yak\u0131p y\u0131kt\u0131\u011f\u0131n\u0131 ifade etti. Hassun bu ter\u00f6r\u00fcn de destek\u00e7ilerine ve t\u00fcm d\u00fcnyaya uzanmas\u0131n\u0131n uzak bir ihtimal olmad\u0131\u011f\u0131n\u0131 s\u00f6zlerine ekledi.<\/p>\n<p>D\u00fcr\u00fcst ve iyi niyet sahiplerinin \u00e7abalar\u0131n\u0131 birle\u015ftirip ter\u00f6re kar\u015f\u0131 sava\u015f\u0131nda Suriye ve halk\u0131na destek vermeleri \u00e7a\u011fr\u0131s\u0131nda bulunan Hassun; Suriye&#8217;nin t\u00fcm d\u00fcnya ad\u0131na ter\u00f6rle m\u00fccadele etti\u011fini ifade etti.<\/p>\n<p>Konuk heyet \u00fcyeleri Suriye&#8217;ye ziyaretlerinden ama\u00e7lar\u0131n\u0131n radikal ter\u00f6r\u00fc reddetmeleri ve Suriye ile dayan\u0131\u015fmalar\u0131n\u0131 ifade etmek oldu\u011funu belirtti. Heyet \u00fcyeleri her \u015feyin do\u011fru ad\u0131yla adland\u0131r\u0131lmas\u0131 ve Suriye&#8217;ye d\u00fc\u015fman dezenformasyon ara\u00e7lar\u0131n\u0131n de\u015fifre edilmesi gere\u011fini ifade etti. Heyet \u00fcyeleri d\u00fcnyada Suriye&#8217;nin b\u00fcy\u00fckel\u00e7ileri olarak ger\u00e7eklere \u0131\u015f\u0131k tutacaklar\u0131n\u0131 ve bulunduklar\u0131 devletlerde kamuoyunu Suriye&#8217;de ya\u015fananlar\u0131n ger\u00e7e\u011fiyle bilgilendireceklerini s\u00f6yledi.<\/p>\n<p>Heyet ba\u015fkan\u0131 Corrigan; a\u00e7\u0131l\u0131m ve ho\u015fg\u00f6r\u00fc k\u00fclt\u00fcr\u00fcn\u00fcn peki\u015ftirilmesi \u00f6nemine dikkat \u00e7ekerken Suriye halk\u0131n\u0131n ter\u00f6ristler taraf\u0131ndan maruz kald\u0131klar\u0131 ac\u0131lardan dolay\u0131 \u00fcz\u00fcnt\u00fclerini dile getirdi.<\/p>\n<p>Bu arada \u0130rlandal\u0131 bar\u0131\u015fsever Corrigan Suriye&#8217;de krizin ba\u015flamas\u0131ndan bu yana Suriye&#8217;yi ikinci kez ziyaret ediyor.<\/p>\n","protected":false},"excerpt":{"rendered":"<p>\u015eAM \u2013 Cumhuriyet Ba\u015f M\u00fcft\u00fcs\u00fc Ahmet Bedrettin Hassun Bat\u0131 d\u00fcnyas\u0131n\u0131n; Suriye\u2019nin asil tarihini, medeniyetini ve halk\u0131n\u0131 hedef alan evrensel ter\u00f6r kar\u015f\u0131s\u0131ndaki sessizli\u011fine son vermesi ve derin uykusundan uyanmas\u0131 gerekti\u011fini belirtti. Nobel Bar\u0131\u015f \u00d6d\u00fcl\u00fc sahibi Mairead Corrigan ba\u015fkanl\u0131\u011f\u0131nda d\u00fcnya bar\u0131\u015fseverler heyetiyle bug\u00fcn bir araya gelen Hassun; Paris\u2019in tan\u0131k oldu\u011fu ter\u00f6r sald\u0131r\u0131lar\u0131n\u0131n, tekfirci ter\u00f6r\u00fc \u00fclkelerinde kucaklayan Bat\u0131l\u0131lar &hellip;<\/p>\n","protected":false},"author":1,"featured_media":53707,"comment_status":"closed","ping_status":"closed","sticky":false,"template":"","format":"standard","meta":{"footnotes":""},"categories":[479,2554,2555,478],"tags":[17874,17875],"class_list":["post-53706","post","type-post","status-publish","format-standard","has-post-thumbnail","","category-haberler-yerel","category-suriye-ve-dunya","category-suriye-ve-turkiye","category-yerel","tag-tekfircilik-suudi-ve-katar-parasiyla","tag-turkiye-rejiminin-yonlendirmeleriyle-yayildi"],"_links":{"self":[{"href":"https:\/\/archive.sana.sy\/tr\/index.php?rest_route=\/wp\/v2\/posts\/53706","targetHints":{"allow":["GET"]}}],"collection":[{"href":"https:\/\/archive.sana.sy\/tr\/index.php?rest_route=\/wp\/v2\/posts"}],"about":[{"href":"https:\/\/archive.sana.sy\/tr\/index.php?rest_route=\/wp\/v2\/types\/post"}],"author":[{"embeddable":true,"href":"https:\/\/archive.sana.sy\/tr\/index.php?rest_route=\/wp\/v2\/users\/1"}],"replies":[{"embeddable":true,"href":"https:\/\/archive.sana.sy\/tr\/index.php?rest_route=%2Fwp%2Fv2%2Fcomments&post=53706"}],"version-history":[{"count":0,"href":"https:\/\/archive.sana.sy\/tr\/index.php?rest_route=\/wp\/v2\/posts\/53706\/revisions"}],"wp:featuredmedia":[{"embeddable":true,"href":"https:\/\/archive.sana.sy\/tr\/index.php?rest_route=\/wp\/v2\/media\/53707"}],"wp:attachment":[{"href":"https:\/\/archive.sana.sy\/tr\/index.php?rest_route=%2Fwp%2Fv2%2Fmedia&parent=53706"}],"wp:term":[{"taxonomy":"category","embeddable":true,"href":"https:\/\/archive.sana.sy\/tr\/index.php?rest_route=%2Fwp%2Fv2%2Fcategories&post=53706"},{"taxonomy":"post_tag","embeddable":true,"href":"https:\/\/archive.sana.sy\/tr\/index.php?rest_route=%2Fwp%2Fv2%2Ftags&post=53706"}],"curies":[{"name":"wp","href":"https:\/\/api.w.org\/{rel}","templated":true}]}}