{"id":53709,"date":"2015-11-28T16:26:07","date_gmt":"2015-11-28T14:26:07","guid":{"rendered":"http:\/\/www.sana.sy\/tr\/?p=53709"},"modified":"2015-11-28T16:26:07","modified_gmt":"2015-11-28T14:26:07","slug":"erdogan-celiskili-aciklamalarindan-sonra-uzgunmus","status":"publish","type":"post","link":"https:\/\/archive.sana.sy\/tr\/?p=53709","title":{"rendered":"Erdo\u011fan \u00c7eli\u015fkili A\u00e7\u0131klamalar\u0131ndan Sonra \u00dczg\u00fcnm\u00fc\u015f"},"content":{"rendered":"<p>ANKARA \u2013 T\u00fcrkiye&#8217;de ihvanc\u0131 rejim ba\u015fkan\u0131 Recep Tayip Erdo\u011fan daha \u00f6nce bulundu\u011fu bir dizi \u00e7eli\u015fkili a\u00e7\u0131klamalardan sonra bug\u00fcn T\u00fcrkiye&#8217;nin Rus sava\u015f u\u00e7a\u011f\u0131n\u0131 Suriye semalar\u0131nda d\u00fc\u015f\u00fcrmesinden derin bir \u00fcz\u00fcnt\u00fc duydu\u011funu ifade ederek b\u00f6yle bir olay\u0131n tekrarlanmamas\u0131 umudunu dile getirdi.<\/p>\n<p>Rejim ba\u015fkan\u0131 Erdo\u011fan bug\u00fcn Bal\u0131kesir\u2019de yapt\u0131\u011f\u0131 konu\u015fmada; \u201cRus u\u00e7a\u011f\u0131n d\u00fc\u015f\u00fcr\u00fclmesi hadisesi bizleri \u00e7ok \u00fczd\u00fc. Tekrarlanmamas\u0131n\u0131 umut ediyorum. Meseleyi g\u00f6r\u00fc\u015f\u00fcp \u00e7\u00f6z\u00fcm bulaca\u011f\u0131z..\u201d ifadesini kulland\u0131.<\/p>\n<p>Rusya ve T\u00fcrkiye&#8217;nin birbirleri a\u00e7\u0131s\u0131ndan \u00f6nemli \u00fclkeler oldu\u011funu s\u00f6yleyen Erdo\u011fan; kendisinin b\u00f6lge ve d\u00fcnya istikrar\u0131 i\u00e7in \u00e7aba harcad\u0131\u011f\u0131 iddias\u0131nda bulundu.<\/p>\n<p>Resmi bir \u015fekilde \u00f6z\u00fcr dilemeyen Erdo\u011fan\u2019\u0131n bu s\u00f6zlerini al\u0131\u015f\u0131lagelmi\u015fin d\u0131\u015f\u0131nda daha \u00f6nceden haz\u0131rlad\u0131\u011f\u0131 bir ka\u011f\u0131t \u00fczerinden okumas\u0131 dikkatleri \u00e7ekti.<\/p>\n<p>\u0130hvanc\u0131 ideolojisi ve ter\u00f6re deste\u011fi ile bilinen Erdo\u011fan\u2019\u0131n bu a\u00e7\u0131klamalar\u0131; Rusya Ba\u015fkan\u0131 Vladimir Putin\u2019in telefon g\u00f6r\u00fc\u015fmesinin yan\u0131 s\u0131ra 3 Aral\u0131k tarihinde Paris\u2019te d\u00fczenlenecek iklim zirvesinde bir araya gelme talebini reddetmesi ard\u0131ndan geldi.<\/p>\n","protected":false},"excerpt":{"rendered":"<p>ANKARA \u2013 T\u00fcrkiye&#8217;de ihvanc\u0131 rejim ba\u015fkan\u0131 Recep Tayip Erdo\u011fan daha \u00f6nce bulundu\u011fu bir dizi \u00e7eli\u015fkili a\u00e7\u0131klamalardan sonra bug\u00fcn T\u00fcrkiye&#8217;nin Rus sava\u015f u\u00e7a\u011f\u0131n\u0131 Suriye semalar\u0131nda d\u00fc\u015f\u00fcrmesinden derin bir \u00fcz\u00fcnt\u00fc duydu\u011funu ifade ederek b\u00f6yle bir olay\u0131n tekrarlanmamas\u0131 umudunu dile getirdi. Rejim ba\u015fkan\u0131 Erdo\u011fan bug\u00fcn Bal\u0131kesir\u2019de yapt\u0131\u011f\u0131 konu\u015fmada; \u201cRus u\u00e7a\u011f\u0131n d\u00fc\u015f\u00fcr\u00fclmesi hadisesi bizleri \u00e7ok \u00fczd\u00fc. Tekrarlanmamas\u0131n\u0131 umut ediyorum. &hellip;<\/p>\n","protected":false},"author":1,"featured_media":53710,"comment_status":"closed","ping_status":"closed","sticky":false,"template":"","format":"standard","meta":{"footnotes":""},"categories":[458,459,447,2554,2555],"tags":[17876],"class_list":["post-53709","post","type-post","status-publish","format-standard","has-post-thumbnail","","category-dunya1","category-haberler-arap-uluslararasi-politika","category-politika","category-suriye-ve-dunya","category-suriye-ve-turkiye","tag-erdogan-celiskili-aciklamalarindan-sonra-uzgunmus"],"_links":{"self":[{"href":"https:\/\/archive.sana.sy\/tr\/index.php?rest_route=\/wp\/v2\/posts\/53709","targetHints":{"allow":["GET"]}}],"collection":[{"href":"https:\/\/archive.sana.sy\/tr\/index.php?rest_route=\/wp\/v2\/posts"}],"about":[{"href":"https:\/\/archive.sana.sy\/tr\/index.php?rest_route=\/wp\/v2\/types\/post"}],"author":[{"embeddable":true,"href":"https:\/\/archive.sana.sy\/tr\/index.php?rest_route=\/wp\/v2\/users\/1"}],"replies":[{"embeddable":true,"href":"https:\/\/archive.sana.sy\/tr\/index.php?rest_route=%2Fwp%2Fv2%2Fcomments&post=53709"}],"version-history":[{"count":0,"href":"https:\/\/archive.sana.sy\/tr\/index.php?rest_route=\/wp\/v2\/posts\/53709\/revisions"}],"wp:featuredmedia":[{"embeddable":true,"href":"https:\/\/archive.sana.sy\/tr\/index.php?rest_route=\/wp\/v2\/media\/53710"}],"wp:attachment":[{"href":"https:\/\/archive.sana.sy\/tr\/index.php?rest_route=%2Fwp%2Fv2%2Fmedia&parent=53709"}],"wp:term":[{"taxonomy":"category","embeddable":true,"href":"https:\/\/archive.sana.sy\/tr\/index.php?rest_route=%2Fwp%2Fv2%2Fcategories&post=53709"},{"taxonomy":"post_tag","embeddable":true,"href":"https:\/\/archive.sana.sy\/tr\/index.php?rest_route=%2Fwp%2Fv2%2Ftags&post=53709"}],"curies":[{"name":"wp","href":"https:\/\/api.w.org\/{rel}","templated":true}]}}