{"id":53712,"date":"2015-11-28T16:49:02","date_gmt":"2015-11-28T14:49:02","guid":{"rendered":"http:\/\/www.sana.sy\/tr\/?p=53712"},"modified":"2015-11-28T16:49:02","modified_gmt":"2015-11-28T14:49:02","slug":"nato-turkiyenin-kendisini-tehlikeye-suruklediginin-farkindadir","status":"publish","type":"post","link":"https:\/\/archive.sana.sy\/tr\/?p=53712","title":{"rendered":"NATO, T\u00fcrkiye&#8217;nin Kendisini Tehlikeye S\u00fcr\u00fckledi\u011finin Fark\u0131ndad\u0131r"},"content":{"rendered":"<p>MOSKOVA \u2013 Rusya&#8217;n\u0131n NATO\u2019daki Daimi Temsilcisi Alexander Gru\u015fko NATO \u00fclkelerinin; T\u00fcrkiye&#8217;nin Rus hava u\u00e7a\u011f\u0131n\u0131 Suriye semalar\u0131nda d\u00fc\u015f\u00fcrmesinin NATO \u00fclkelerinin t\u00fcm\u00fcn\u00fc tehlikeye s\u00fcr\u00fckledi\u011finin fark\u0131nda olduklar\u0131n\u0131 belirtti.<\/p>\n<p>Rus Kommersant Radyosuna bug\u00fcn yapt\u0131\u011f\u0131 a\u00e7\u0131klamada Gru\u015fko; T\u00fcrkiye&#8217;nin NATO devletleri ile askeri ve siyasi anla\u015fmalar\u0131 olmas\u0131yla Rus u\u00e7a\u011f\u0131n\u0131 d\u00fc\u015f\u00fcrmesinin NATO\u2019nun t\u00fcm devletlerini ciddi bir tehlikeye s\u00fcr\u00fckledi\u011fi g\u00f6r\u00fc\u015f\u00fcnde olduklar\u0131n\u0131 s\u00f6yledi.<\/p>\n<p>Durumun olduk\u00e7a ciddi ve tehlikeli oldu\u011funa dikkat \u00e7eken Gru\u015fko; NATO genel sekreteri Jens Stoltenberg\u2019in akli selim davranma \u00e7a\u011fr\u0131s\u0131nda bulundu\u011fu beyan\u0131nda olay\u0131n Moskova ve Ankara aras\u0131nda \u00e7\u00f6z\u00fclmesi gerekti\u011fini belirtti\u011fine vurgu yapt\u0131. Gru\u015fko bunun da NATO\u2019nun kendini olaydan uzak tutma \u00e7abas\u0131nda oldu\u011funu g\u00f6sterdi\u011fine dikkat \u00e7ekti.<\/p>\n","protected":false},"excerpt":{"rendered":"<p>MOSKOVA \u2013 Rusya&#8217;n\u0131n NATO\u2019daki Daimi Temsilcisi Alexander Gru\u015fko NATO \u00fclkelerinin; T\u00fcrkiye&#8217;nin Rus hava u\u00e7a\u011f\u0131n\u0131 Suriye semalar\u0131nda d\u00fc\u015f\u00fcrmesinin NATO \u00fclkelerinin t\u00fcm\u00fcn\u00fc tehlikeye s\u00fcr\u00fckledi\u011finin fark\u0131nda olduklar\u0131n\u0131 belirtti. Rus Kommersant Radyosuna bug\u00fcn yapt\u0131\u011f\u0131 a\u00e7\u0131klamada Gru\u015fko; T\u00fcrkiye&#8217;nin NATO devletleri ile askeri ve siyasi anla\u015fmalar\u0131 olmas\u0131yla Rus u\u00e7a\u011f\u0131n\u0131 d\u00fc\u015f\u00fcrmesinin NATO\u2019nun t\u00fcm devletlerini ciddi bir tehlikeye s\u00fcr\u00fckledi\u011fi g\u00f6r\u00fc\u015f\u00fcnde olduklar\u0131n\u0131 s\u00f6yledi. Durumun &hellip;<\/p>\n","protected":false},"author":1,"featured_media":53713,"comment_status":"closed","ping_status":"closed","sticky":false,"template":"","format":"standard","meta":{"footnotes":""},"categories":[458,459,447,2554,2555],"tags":[17877,17878],"class_list":["post-53712","post","type-post","status-publish","format-standard","has-post-thumbnail","","category-dunya1","category-haberler-arap-uluslararasi-politika","category-politika","category-suriye-ve-dunya","category-suriye-ve-turkiye","tag-nato","tag-turkiyenin-kendisini-tehlikeye-suruklediginin-farkindadir"],"_links":{"self":[{"href":"https:\/\/archive.sana.sy\/tr\/index.php?rest_route=\/wp\/v2\/posts\/53712","targetHints":{"allow":["GET"]}}],"collection":[{"href":"https:\/\/archive.sana.sy\/tr\/index.php?rest_route=\/wp\/v2\/posts"}],"about":[{"href":"https:\/\/archive.sana.sy\/tr\/index.php?rest_route=\/wp\/v2\/types\/post"}],"author":[{"embeddable":true,"href":"https:\/\/archive.sana.sy\/tr\/index.php?rest_route=\/wp\/v2\/users\/1"}],"replies":[{"embeddable":true,"href":"https:\/\/archive.sana.sy\/tr\/index.php?rest_route=%2Fwp%2Fv2%2Fcomments&post=53712"}],"version-history":[{"count":0,"href":"https:\/\/archive.sana.sy\/tr\/index.php?rest_route=\/wp\/v2\/posts\/53712\/revisions"}],"wp:featuredmedia":[{"embeddable":true,"href":"https:\/\/archive.sana.sy\/tr\/index.php?rest_route=\/wp\/v2\/media\/53713"}],"wp:attachment":[{"href":"https:\/\/archive.sana.sy\/tr\/index.php?rest_route=%2Fwp%2Fv2%2Fmedia&parent=53712"}],"wp:term":[{"taxonomy":"category","embeddable":true,"href":"https:\/\/archive.sana.sy\/tr\/index.php?rest_route=%2Fwp%2Fv2%2Fcategories&post=53712"},{"taxonomy":"post_tag","embeddable":true,"href":"https:\/\/archive.sana.sy\/tr\/index.php?rest_route=%2Fwp%2Fv2%2Ftags&post=53712"}],"curies":[{"name":"wp","href":"https:\/\/api.w.org\/{rel}","templated":true}]}}