{"id":53721,"date":"2015-11-28T19:30:46","date_gmt":"2015-11-28T17:30:46","guid":{"rendered":"http:\/\/www.sana.sy\/tr\/?p=53721"},"modified":"2015-11-29T16:25:43","modified_gmt":"2015-11-29T14:25:43","slug":"turkiye-hukumeti-calinti-petrol-ve-tarihi-eser-karsiliginda-destek-veriyor","status":"publish","type":"post","link":"https:\/\/archive.sana.sy\/tr\/?p=53721","title":{"rendered":"T\u00fcrkiye H\u00fck\u00fcmeti \u00c7al\u0131nt\u0131 Petrol ve Tarihi Eser Kar\u015f\u0131l\u0131\u011f\u0131nda Destek Veriyor"},"content":{"rendered":"<p>\u015eAM \u2013 Ordu ve Silahl\u0131 Kuvvetler Genel Komutanl\u0131\u011f\u0131 T\u00fcrkiye h\u00fck\u00fcmetinin Suriye ve Irak\u2019tan \u00e7al\u0131nt\u0131 petrol ve tarihi eserleri ucuza alma kar\u015f\u0131l\u0131\u011f\u0131nda ter\u00f6r \u00f6rg\u00fctlere silah ve m\u00fchimmat deste\u011finde bulundu\u011funu belirtti.<\/p>\n<p>Genel Komutanl\u0131k bug\u00fcn yay\u0131nlad\u0131\u011f\u0131 ve SANA\u2019n\u0131n bir n\u00fcshas\u0131n\u0131 ald\u0131\u011f\u0131 beyan\u0131nda; T\u00fcrkiye h\u00fck\u00fcmetinin son s\u00fcre\u00e7 i\u00e7inde muhtelif adland\u0131rmalar alt\u0131ndaki silahl\u0131 ter\u00f6r \u00f6rg\u00fctlere askeri ve lojistik deste\u011fini peki\u015ftirdi\u011fi, te\u00e7hizat, silah ve m\u00fchimmat teminini de artt\u0131rd\u0131\u011f\u0131 konusunda kesin bilgilere sahip oldu\u011funu vurgulad\u0131. Suriye ve halk\u0131na kar\u015f\u0131 vah\u015fi ter\u00f6r eylemlerini s\u00fcrd\u00fcrmeleri i\u00e7in T\u00fcrkiye h\u00fck\u00fcmetinin ter\u00f6ristlere deste\u011finin artt\u0131\u011f\u0131n\u0131n g\u00f6r\u00fcld\u00fc\u011f\u00fcne dikkat \u00e7ekilen beyanda; bunun kar\u015f\u0131l\u0131\u011f\u0131nda s\u0131n\u0131rlar\u0131 ellerine ge\u00e7irmelerini temin etti\u011fi ter\u00f6ristlerin varl\u0131\u011f\u0131n\u0131 f\u0131rsat bilerek Suriye ve Irak\u2019tan \u00e7al\u0131nt\u0131 petrol ve tarihi eserleri bedava fiyata ald\u0131\u011f\u0131n\u0131n alt\u0131n\u0131 \u00e7izdi.<\/p>\n<p>Ordu ve Silahl\u0131 Kuvvetler Genel Komutanl\u0131\u011f\u0131 eldeki bilgilerin; \u00e7al\u0131nt\u0131 petrol tankerlerinin Suriye&#8217;de tekfirci ter\u00f6ristlerin bulunduklar\u0131 b\u00f6lgelerden s\u0131n\u0131r kap\u0131lar\u0131ndan herhangi bir arama yada tetkike maruz kalmadan ge\u00e7tiklerini belirtti\u011fine vurgu yapt\u0131.<\/p>\n<p>T\u00fcrkiye h\u00fck\u00fcmetinin iddia etti\u011fi \u2018g\u0131da konvoylar\u0131n\u0131n\u2019 as\u0131ls\u0131z yalanlardan ibaret oldu\u011funun alt\u0131 \u00e7izildi\u011fi beyanda bu konvoylarda ter\u00f6ristlere silah ve m\u00fchimmat\u0131n ta\u015f\u0131nd\u0131\u011f\u0131 ifade edildi. Ayn\u0131 zamanda bu ara\u00e7larda yaralanan ter\u00f6ristlerin T\u00fcrkiye&#8217;deki sa\u011fl\u0131k merkezlerine aktar\u0131ld\u0131\u011f\u0131 belirtildi.<\/p>\n<p>T\u00fcrkiye otoritelerinin bunlara ilaveten Suriye ile s\u0131n\u0131rlar\u0131n\u0131 kas\u0131tl\u0131 bir \u015fekilde kaos ve kontrols\u00fcz b\u00f6lgelere d\u00f6n\u00fc\u015ft\u00fcrd\u00fc\u011f\u00fcn\u00fcn belirtildi\u011fi beyanda; bunun sonucunda da Suriye&#8217;de e\u011fitim ve dene\u011fim kazanmalar\u0131 ard\u0131ndan ter\u00f6ristlerin Avrupa devletlerine gidip oralarda eylem d\u00fczenleme olana\u011f\u0131 bulduklar\u0131 vurguland\u0131.<\/p>\n<p>Beyanda T\u00fcrkiye rejiminin d\u00fcn Kel Da\u011f\u0131ndan Lazkiye k\u0131rsal\u0131n\u0131n kuzeyindeki askeri mevkilerimize havan toplar\u0131yla sald\u0131rmas\u0131n\u0131n Suriye ve halk\u0131na y\u00f6nelik d\u00fc\u015fmanl\u0131\u011f\u0131nda t\u00fcm \u00e7izgileri a\u015ft\u0131\u011f\u0131n\u0131n alt\u0131 \u00e7izildi.<\/p>\n<p>T\u00fcrkiye rejiminin Suriye ve halk\u0131na kar\u015f\u0131 s\u00f6z konusu d\u00fc\u015fmanc\u0131 davran\u0131\u015flar\u0131n\u0131n tehlikesine kar\u015f\u0131 uyar\u0131da bulunan Ordu ve Silahl\u0131 Kuvvetler Genel Komutanl\u0131\u011f\u0131; uluslararas\u0131 toplumdan T\u00fcrkiye otoritelerinin bu d\u00fc\u015fmanl\u0131\u011f\u0131na s\u0131n\u0131r koymas\u0131n\u0131, uluslar aras\u0131 ter\u00f6re aleni yada illegal deste\u011fine son vermeye zorlanmas\u0131n\u0131 talep etti.<\/p>\n<p>https:\/\/www.youtube.com\/watch?v=XpmaYsIPPi0<\/p>\n<p>R.H.<\/p>\n","protected":false},"excerpt":{"rendered":"<p>\u015eAM \u2013 Ordu ve Silahl\u0131 Kuvvetler Genel Komutanl\u0131\u011f\u0131 T\u00fcrkiye h\u00fck\u00fcmetinin Suriye ve Irak\u2019tan \u00e7al\u0131nt\u0131 petrol ve tarihi eserleri ucuza alma kar\u015f\u0131l\u0131\u011f\u0131nda ter\u00f6r \u00f6rg\u00fctlere silah ve m\u00fchimmat deste\u011finde bulundu\u011funu belirtti. Genel Komutanl\u0131k bug\u00fcn yay\u0131nlad\u0131\u011f\u0131 ve SANA\u2019n\u0131n bir n\u00fcshas\u0131n\u0131 ald\u0131\u011f\u0131 beyan\u0131nda; T\u00fcrkiye h\u00fck\u00fcmetinin son s\u00fcre\u00e7 i\u00e7inde muhtelif adland\u0131rmalar alt\u0131ndaki silahl\u0131 ter\u00f6r \u00f6rg\u00fctlere askeri ve lojistik deste\u011fini peki\u015ftirdi\u011fi, &hellip;<\/p>\n","protected":false},"author":1,"featured_media":53581,"comment_status":"closed","ping_status":"closed","sticky":false,"template":"","format":"standard","meta":{"footnotes":""},"categories":[575,2554,2555],"tags":[17879],"class_list":["post-53721","post","type-post","status-publish","format-standard","has-post-thumbnail","","category-olaylar-ve-gercekler","category-suriye-ve-dunya","category-suriye-ve-turkiye","tag-turkiye-hukumeti-calinti-petrol-ve-tarihi-eser-karsiliginda-destek-veriyor"],"_links":{"self":[{"href":"https:\/\/archive.sana.sy\/tr\/index.php?rest_route=\/wp\/v2\/posts\/53721","targetHints":{"allow":["GET"]}}],"collection":[{"href":"https:\/\/archive.sana.sy\/tr\/index.php?rest_route=\/wp\/v2\/posts"}],"about":[{"href":"https:\/\/archive.sana.sy\/tr\/index.php?rest_route=\/wp\/v2\/types\/post"}],"author":[{"embeddable":true,"href":"https:\/\/archive.sana.sy\/tr\/index.php?rest_route=\/wp\/v2\/users\/1"}],"replies":[{"embeddable":true,"href":"https:\/\/archive.sana.sy\/tr\/index.php?rest_route=%2Fwp%2Fv2%2Fcomments&post=53721"}],"version-history":[{"count":0,"href":"https:\/\/archive.sana.sy\/tr\/index.php?rest_route=\/wp\/v2\/posts\/53721\/revisions"}],"wp:featuredmedia":[{"embeddable":true,"href":"https:\/\/archive.sana.sy\/tr\/index.php?rest_route=\/wp\/v2\/media\/53581"}],"wp:attachment":[{"href":"https:\/\/archive.sana.sy\/tr\/index.php?rest_route=%2Fwp%2Fv2%2Fmedia&parent=53721"}],"wp:term":[{"taxonomy":"category","embeddable":true,"href":"https:\/\/archive.sana.sy\/tr\/index.php?rest_route=%2Fwp%2Fv2%2Fcategories&post=53721"},{"taxonomy":"post_tag","embeddable":true,"href":"https:\/\/archive.sana.sy\/tr\/index.php?rest_route=%2Fwp%2Fv2%2Ftags&post=53721"}],"curies":[{"name":"wp","href":"https:\/\/api.w.org\/{rel}","templated":true}]}}