{"id":53724,"date":"2015-11-29T08:40:53","date_gmt":"2015-11-29T06:40:53","guid":{"rendered":"http:\/\/www.sana.sy\/tr\/?p=53724"},"modified":"2015-11-29T08:56:36","modified_gmt":"2015-11-29T06:56:36","slug":"turkiyenin-rusyadaki-ticari-ve-ekonomik-faaliyetleri-sinirlandiriliyor","status":"publish","type":"post","link":"https:\/\/archive.sana.sy\/tr\/?p=53724","title":{"rendered":"T\u00fcrkiye\u2019nin Rusya\u2019daki Ticari ve Ekonomik Faaliyetleri S\u0131n\u0131rland\u0131r\u0131l\u0131yor"},"content":{"rendered":"<p>MOSKOVA \u2013 Kremlin Bas\u0131n B\u00fcrosu Rusya Ba\u015fkan\u0131 Vladimir Putin\u2019in h\u00fck\u00fcmeti T\u00fcrkiye\u2019den ithal edilen \u00fcr\u00fcnlere s\u0131n\u0131rlama getirilmesi g\u00f6revlendirerek T\u00fcrkiye\u2019ye kar\u015f\u0131 iktisadi icraatlar i\u00e7eren bir dizi karar\u0131 imzalad\u0131\u011f\u0131n\u0131 ilan etti.<\/p>\n<p>Rusya Today Haber Sitesi d\u00fcn yay\u0131nlad\u0131\u011f\u0131 haberde Keremlin Bas\u0131n B\u00fcrosunun yay\u0131nlam\u0131\u015f oldu\u011fu beyanda; Putin\u2019in, Rusya\u2019n\u0131n g\u00fcvenli\u011fi, \u00e7\u0131karlar\u0131 ve vatanda\u015flar\u0131n\u0131 korumak amac\u0131yla T\u00fcrkiye ile olan ticari ve ekonomik ili\u015fkilerin s\u0131n\u0131rlanmas\u0131 talimat\u0131n\u0131 verdi\u011fini ifade etti.<\/p>\n<p>Rusya h\u00fck\u00fcmetinin belirleyece\u011fi standartlar \u00e7er\u00e7evesinde T\u00fcrkiye\u2019nin Rusya topraklar\u0131ndaki b\u00fct\u00fcn faaliyetlerinin belirgin bir \u015fekilde k\u0131s\u0131tlanmas\u0131 y\u00f6n\u00fcnde gerekli ad\u0131mlar\u0131n at\u0131ld\u0131\u011f\u0131na i\u015faret edilen beyanda; al\u0131nan icraatlar\u0131n 2016 y\u0131l\u0131n\u0131n ba\u015flar\u0131ndan itibaren uygulanaca\u011f\u0131 belirtildi.<\/p>\n<p>Beyanda belirtilen icraatlar aras\u0131nda T\u00fcrkiye\u2019den gelen i\u015fg\u00fcc\u00fcn\u00fcn engellenmesi ve ge\u00e7ici yasaklar\u0131n yan\u0131 s\u0131ra T\u00fcrkiye\u2019nin Rusya topraklar\u0131ndaki ekonomik faaliyetlerinin s\u0131n\u0131rlanmas\u0131 gibi maddeler yer ald\u0131.<\/p>\n<p>F.B. &#8211; R.H.<\/p>\n","protected":false},"excerpt":{"rendered":"<p>MOSKOVA \u2013 Kremlin Bas\u0131n B\u00fcrosu Rusya Ba\u015fkan\u0131 Vladimir Putin\u2019in h\u00fck\u00fcmeti T\u00fcrkiye\u2019den ithal edilen \u00fcr\u00fcnlere s\u0131n\u0131rlama getirilmesi g\u00f6revlendirerek T\u00fcrkiye\u2019ye kar\u015f\u0131 iktisadi icraatlar i\u00e7eren bir dizi karar\u0131 imzalad\u0131\u011f\u0131n\u0131 ilan etti. Rusya Today Haber Sitesi d\u00fcn yay\u0131nlad\u0131\u011f\u0131 haberde Keremlin Bas\u0131n B\u00fcrosunun yay\u0131nlam\u0131\u015f oldu\u011fu beyanda; Putin\u2019in, Rusya\u2019n\u0131n g\u00fcvenli\u011fi, \u00e7\u0131karlar\u0131 ve vatanda\u015flar\u0131n\u0131 korumak amac\u0131yla T\u00fcrkiye ile olan ticari ve ekonomik &hellip;<\/p>\n","protected":false},"author":1,"featured_media":53725,"comment_status":"closed","ping_status":"closed","sticky":false,"template":"","format":"standard","meta":{"footnotes":""},"categories":[458,459,447,2554,2555],"tags":[17880],"class_list":["post-53724","post","type-post","status-publish","format-standard","has-post-thumbnail","","category-dunya1","category-haberler-arap-uluslararasi-politika","category-politika","category-suriye-ve-dunya","category-suriye-ve-turkiye","tag-turkiyenin-rusyadaki-ticari-ve-ekonomik-faaliyetleri-sinirlandiriliyor"],"_links":{"self":[{"href":"https:\/\/archive.sana.sy\/tr\/index.php?rest_route=\/wp\/v2\/posts\/53724","targetHints":{"allow":["GET"]}}],"collection":[{"href":"https:\/\/archive.sana.sy\/tr\/index.php?rest_route=\/wp\/v2\/posts"}],"about":[{"href":"https:\/\/archive.sana.sy\/tr\/index.php?rest_route=\/wp\/v2\/types\/post"}],"author":[{"embeddable":true,"href":"https:\/\/archive.sana.sy\/tr\/index.php?rest_route=\/wp\/v2\/users\/1"}],"replies":[{"embeddable":true,"href":"https:\/\/archive.sana.sy\/tr\/index.php?rest_route=%2Fwp%2Fv2%2Fcomments&post=53724"}],"version-history":[{"count":0,"href":"https:\/\/archive.sana.sy\/tr\/index.php?rest_route=\/wp\/v2\/posts\/53724\/revisions"}],"wp:featuredmedia":[{"embeddable":true,"href":"https:\/\/archive.sana.sy\/tr\/index.php?rest_route=\/wp\/v2\/media\/53725"}],"wp:attachment":[{"href":"https:\/\/archive.sana.sy\/tr\/index.php?rest_route=%2Fwp%2Fv2%2Fmedia&parent=53724"}],"wp:term":[{"taxonomy":"category","embeddable":true,"href":"https:\/\/archive.sana.sy\/tr\/index.php?rest_route=%2Fwp%2Fv2%2Fcategories&post=53724"},{"taxonomy":"post_tag","embeddable":true,"href":"https:\/\/archive.sana.sy\/tr\/index.php?rest_route=%2Fwp%2Fv2%2Ftags&post=53724"}],"curies":[{"name":"wp","href":"https:\/\/api.w.org\/{rel}","templated":true}]}}