{"id":53727,"date":"2015-11-29T09:10:32","date_gmt":"2015-11-29T07:10:32","guid":{"rendered":"http:\/\/www.sana.sy\/tr\/?p=53727"},"modified":"2015-11-29T09:10:32","modified_gmt":"2015-11-29T07:10:32","slug":"uluslararasi-hayir-kermesi-suriyenin-katilimiyla-basladi","status":"publish","type":"post","link":"https:\/\/archive.sana.sy\/tr\/?p=53727","title":{"rendered":"Uluslararas\u0131 Hay\u0131r Kermesi Suriye\u2019nin Kat\u0131l\u0131m\u0131yla Ba\u015flad\u0131"},"content":{"rendered":"<p>V\u0130YANA \u2013 Geliri d\u00fcnyadaki ihtiya\u00e7 sahibi \u00e7ocuklara ba\u011f\u0131\u015flanan Y\u0131ll\u0131k Uluslararas\u0131 Hay\u0131r Kermesi d\u00fcn Suriye B\u00fcy\u00fckel\u00e7ili\u011finin ve uluslararas\u0131 \u00e7ok say\u0131da hay\u0131r \u00f6rg\u00fct\u00fcn\u00fcn kat\u0131l\u0131m\u0131yla Avusturya\u2019n\u0131n Ba\u015fkenti Viyana\u2019da bulunan BM Temsilcilik Binas\u0131nda a\u00e7\u0131l\u0131\u015f\u0131n\u0131 yapt\u0131.<\/p>\n<p>Geleneksel sanayi \u00fcr\u00fcnleri, tekstil \u00fcr\u00fcnleri, plastik sanat eserleri, foto\u011fraf ve kitaplar\u0131yla d\u00fcnya uygarl\u0131k tarihinden bir kesit te\u015fkil eden Suriye stand\u0131 kermesi ziyaret eden misafirler taraf\u0131ndan b\u00fcy\u00fck bir ilgi ve be\u011feni ile kar\u015f\u0131land\u0131.<\/p>\n<p>Ayr\u0131ca Suriye stand\u0131na u\u011framadan ge\u00e7emeyen \u00e7ok say\u0131da Kermes ziyaret\u00e7isi Suriye halk\u0131 ile dayan\u0131\u015fma i\u00e7erisinde oldu\u011funu ifade ederek Suriye\u2019nin b\u00f6ylesi bir kermese kat\u0131lmas\u0131n\u0131n Suriyelilerin yard\u0131mseverli\u011fini yans\u0131tt\u0131\u011f\u0131n\u0131n alt\u0131n\u0131 \u00e7izdiler.<\/p>\n<p>F.B. &#8211; R.H.<\/p>\n","protected":false},"excerpt":{"rendered":"<p>V\u0130YANA \u2013 Geliri d\u00fcnyadaki ihtiya\u00e7 sahibi \u00e7ocuklara ba\u011f\u0131\u015flanan Y\u0131ll\u0131k Uluslararas\u0131 Hay\u0131r Kermesi d\u00fcn Suriye B\u00fcy\u00fckel\u00e7ili\u011finin ve uluslararas\u0131 \u00e7ok say\u0131da hay\u0131r \u00f6rg\u00fct\u00fcn\u00fcn kat\u0131l\u0131m\u0131yla Avusturya\u2019n\u0131n Ba\u015fkenti Viyana\u2019da bulunan BM Temsilcilik Binas\u0131nda a\u00e7\u0131l\u0131\u015f\u0131n\u0131 yapt\u0131. Geleneksel sanayi \u00fcr\u00fcnleri, tekstil \u00fcr\u00fcnleri, plastik sanat eserleri, foto\u011fraf ve kitaplar\u0131yla d\u00fcnya uygarl\u0131k tarihinden bir kesit te\u015fkil eden Suriye stand\u0131 kermesi ziyaret eden misafirler &hellip;<\/p>\n","protected":false},"author":1,"featured_media":53728,"comment_status":"closed","ping_status":"closed","sticky":false,"template":"","format":"standard","meta":{"footnotes":""},"categories":[485,486],"tags":[17881],"class_list":["post-53727","post","type-post","status-publish","format-standard","has-post-thumbnail","","category-is-ve-sermaye","category-haberler-is-ve-sermaye","tag-uluslararasi-hayir-kermesi-suriyenin-katilimiyla-basladi"],"_links":{"self":[{"href":"https:\/\/archive.sana.sy\/tr\/index.php?rest_route=\/wp\/v2\/posts\/53727","targetHints":{"allow":["GET"]}}],"collection":[{"href":"https:\/\/archive.sana.sy\/tr\/index.php?rest_route=\/wp\/v2\/posts"}],"about":[{"href":"https:\/\/archive.sana.sy\/tr\/index.php?rest_route=\/wp\/v2\/types\/post"}],"author":[{"embeddable":true,"href":"https:\/\/archive.sana.sy\/tr\/index.php?rest_route=\/wp\/v2\/users\/1"}],"replies":[{"embeddable":true,"href":"https:\/\/archive.sana.sy\/tr\/index.php?rest_route=%2Fwp%2Fv2%2Fcomments&post=53727"}],"version-history":[{"count":0,"href":"https:\/\/archive.sana.sy\/tr\/index.php?rest_route=\/wp\/v2\/posts\/53727\/revisions"}],"wp:featuredmedia":[{"embeddable":true,"href":"https:\/\/archive.sana.sy\/tr\/index.php?rest_route=\/wp\/v2\/media\/53728"}],"wp:attachment":[{"href":"https:\/\/archive.sana.sy\/tr\/index.php?rest_route=%2Fwp%2Fv2%2Fmedia&parent=53727"}],"wp:term":[{"taxonomy":"category","embeddable":true,"href":"https:\/\/archive.sana.sy\/tr\/index.php?rest_route=%2Fwp%2Fv2%2Fcategories&post=53727"},{"taxonomy":"post_tag","embeddable":true,"href":"https:\/\/archive.sana.sy\/tr\/index.php?rest_route=%2Fwp%2Fv2%2Ftags&post=53727"}],"curies":[{"name":"wp","href":"https:\/\/api.w.org\/{rel}","templated":true}]}}