{"id":53739,"date":"2015-11-29T17:00:40","date_gmt":"2015-11-29T15:00:40","guid":{"rendered":"http:\/\/www.sana.sy\/tr\/?p=53739"},"modified":"2015-12-02T12:49:46","modified_gmt":"2015-12-02T10:49:46","slug":"el-esad-velayetiyi-kabul-etti","status":"publish","type":"post","link":"https:\/\/archive.sana.sy\/tr\/?p=53739","title":{"rendered":"Rahats\u0131zl\u0131klar\u0131n\u0131 Ter\u00f6re Desteklerini T\u0131rmand\u0131rmakla G\u00f6sterdiler"},"content":{"rendered":"<p>\u015eAM \u2013 Cumhurba\u015fkan\u0131 Be\u015f\u015far el Esad bug\u00fcn \u0130ran \u0130slami Devrimi Liderinin M\u00fcste\u015far\u0131 Ali Ekber Velayeti ve \u0130ran D\u0131\u015fi\u015fleri Bakan\u0131 Yard\u0131mc\u0131s\u0131 H\u00fcseyin Emir Abd\u00fcllehyan\u2019\u0131n yan\u0131 s\u0131ra onlara e\u015flik eden heyeti kabul etti.<\/p>\n<p><a href=\"http:\/\/www.sana.sy\/tr\/wp-content\/uploads\/2015\/11\/1128.jpg\"><img loading=\"lazy\" decoding=\"async\" class=\"alignright wp-image-53840 size-medium\" src=\"http:\/\/www.sana.sy\/tr\/wp-content\/uploads\/2015\/11\/1128-300x150.jpg\" alt=\"1\" width=\"300\" height=\"150\" srcset=\"https:\/\/archive.sana.sy\/tr\/wp-content\/uploads\/2015\/11\/1128-300x150.jpg 300w, https:\/\/archive.sana.sy\/tr\/wp-content\/uploads\/2015\/11\/1128-150x75.jpg 150w, https:\/\/archive.sana.sy\/tr\/wp-content\/uploads\/2015\/11\/1128.jpg 660w\" sizes=\"auto, (max-width: 300px) 100vw, 300px\" \/><\/a>G\u00f6r\u00fc\u015fmede Velayeti Suriye&#8217;nin devlet ve halk olarak y\u0131llard\u0131r tekfirci ter\u00f6r\u00fcn edat olarak kullan\u0131ld\u0131\u011f\u0131 evrensel bir sava\u015fa kar\u015f\u0131 sergiledi\u011fi onurlu m\u00fccadelesinin takdire \u015fayan oldu\u011funu ifade etti. Velayeti bu sava\u015f\u0131n Bat\u0131l\u0131 ve b\u00f6lgesel devletler taraf\u0131ndan finans ve komuta edildi\u011fine i\u015faret ederken, bu sava\u015ftan amac\u0131n b\u00f6lge halklar\u0131n\u0131n etnik ve dini \u00e7at\u0131\u015fmalarla oylan\u0131p zenginliklerinin s\u00f6m\u00fcr\u00fclmesi oldu\u011funu ifade etti.<\/p>\n<p>Velayeti ve Abd\u00fcllehyan Suriye&#8217;nin egemenli\u011fi ve toprak b\u00fct\u00fcnl\u00fc\u011f\u00fcn\u00fcn korunmas\u0131yla birlikte Suriye halk\u0131n\u0131n tercih etti\u011fi se\u00e7ene\u011fin desteklenmesinde \u0130ran\u2019\u0131n harcad\u0131\u011f\u0131 \u00e7abalar hakk\u0131nda el Esad\u2019a bilgi takdim ettiler.<\/p>\n<p><a href=\"http:\/\/www.sana.sy\/tr\/wp-content\/uploads\/2015\/11\/339.jpg\"><img loading=\"lazy\" decoding=\"async\" class=\"alignright wp-image-53841 size-medium\" src=\"http:\/\/www.sana.sy\/tr\/wp-content\/uploads\/2015\/11\/339-300x168.jpg\" alt=\"3\" width=\"300\" height=\"168\" srcset=\"https:\/\/archive.sana.sy\/tr\/wp-content\/uploads\/2015\/11\/339-300x168.jpg 300w, https:\/\/archive.sana.sy\/tr\/wp-content\/uploads\/2015\/11\/339-150x84.jpg 150w, https:\/\/archive.sana.sy\/tr\/wp-content\/uploads\/2015\/11\/339.jpg 660w\" sizes=\"auto, (max-width: 300px) 100vw, 300px\" \/><\/a>Velayeti \u0130ran \u0130slam Devrimi Lideri ve \u0130ran y\u00f6netiminin Suriye Arap Cumhuriyetini her konuda desteklemeye devam etme kararl\u0131l\u0131\u011f\u0131 ve azminde oldu\u011funun alt\u0131n\u0131 \u00e7izerken Suriye&#8217;nin devlet ve halk olarak b\u00f6lge gelece\u011fini belirleyecek bir sava\u015fla kar\u015f\u0131 kar\u015f\u0131ya oldu\u011funa dikkat \u00e7ekti.<\/p>\n<p>Kendi taraf\u0131ndan el Esad Suriye halk\u0131 ve ordusunun t\u00fcm bu y\u0131llar i\u00e7inde Suriye&#8217;ye dost devletlerle i\u015fbirli\u011fi i\u00e7inde ter\u00f6re kar\u015f\u0131 sa\u011flad\u0131\u011f\u0131 ba\u015far\u0131lar\u0131n Suriye ve halk\u0131na d\u00fc\u015fmanc\u0131 tutumlarla ter\u00f6r\u00fc destekleyen kimi devletleri ciddi \u015fekilde rahats\u0131z etti\u011fine dikkat \u00e7ekti. El Esad bu ter\u00f6rle m\u00fccadele ettiklerini iddia eden bu devletlerin rahats\u0131zl\u0131klar\u0131n\u0131 ter\u00f6ristlere desteklerini t\u0131rmand\u0131rmakla ifade ettiklerini, ter\u00f6r \u00e7etelere silah ve finanslar\u0131n\u0131 artt\u0131rd\u0131klar\u0131n\u0131 belirtti.<\/p>\n<p>S\u00f6zlerine devam eden el Esad; Suriye&#8217;nin dostlar\u0131yla birlikte t\u00fcm \u015fekilleriyle ter\u00f6re kar\u015f\u0131 m\u00fccadelesini s\u00fcrd\u00fcrme kararl\u0131l\u0131\u011f\u0131nda olduklar\u0131n\u0131 belirtti. \u00c7\u00fcnk\u00fc b\u00f6lge ve d\u00fcnyada g\u00fcvenlik istikrar\u0131 sa\u011flamak i\u00e7in bu ter\u00f6r\u00fcn bertaraf edilmesinin ka\u00e7\u0131n\u0131lmaz bir gereklilik oldu\u011funa inand\u0131klar\u0131n\u0131 ifade eden el Esad; ayn\u0131 zamanda Suriyelilerin anla\u015facaklar\u0131 herhangi bir siyasi s\u00fcrecin ana giri\u015fini de te\u015fkil edece\u011fine dikkat \u00e7ekti.<\/p>\n<p><span style=\"color: #0000ff\">Konuk Heyet Muallim ile G\u00f6r\u00fc\u015ft\u00fc<\/span><\/p>\n<p><a href=\"http:\/\/www.sana.sy\/tr\/wp-content\/uploads\/2015\/11\/WSS_8170.jpg\"><img loading=\"lazy\" decoding=\"async\" class=\"alignright wp-image-53843 size-medium\" src=\"http:\/\/www.sana.sy\/tr\/wp-content\/uploads\/2015\/11\/WSS_8170-300x186.jpg\" alt=\"WSS_8170\" width=\"300\" height=\"186\" srcset=\"https:\/\/archive.sana.sy\/tr\/wp-content\/uploads\/2015\/11\/WSS_8170-300x186.jpg 300w, https:\/\/archive.sana.sy\/tr\/wp-content\/uploads\/2015\/11\/WSS_8170-150x93.jpg 150w, https:\/\/archive.sana.sy\/tr\/wp-content\/uploads\/2015\/11\/WSS_8170-1024x634.jpg 1024w, https:\/\/archive.sana.sy\/tr\/wp-content\/uploads\/2015\/11\/WSS_8170.jpg 1984w\" sizes=\"auto, (max-width: 300px) 100vw, 300px\" \/><\/a>\u0130ranl\u0131 konuk heyet bug\u00fcn ayr\u0131ca Ba\u015fbakan Yard\u0131mc\u0131s\u0131 D\u0131\u015fi\u015fleri ve Gurbet\u00e7iler Bakan\u0131 Velid el Muallim ile bir araya geldi.<\/p>\n<p>Suriye&#8217;deki son durumlar ve krizin \u00e7\u00f6z\u00fcm\u00fcne ili\u015fkin son geli\u015fmelerin ele al\u0131nd\u0131\u011f\u0131 g\u00f6r\u00fc\u015fmede iki taraf ter\u00f6rle m\u00fccadele ve daha ba\u015fka alanlarda i\u015fbirli\u011fini de\u011ferlendirdi.<\/p>\n","protected":false},"excerpt":{"rendered":"<p>\u015eAM \u2013 Cumhurba\u015fkan\u0131 Be\u015f\u015far el Esad bug\u00fcn \u0130ran \u0130slami Devrimi Liderinin M\u00fcste\u015far\u0131 Ali Ekber Velayeti ve \u0130ran D\u0131\u015fi\u015fleri Bakan\u0131 Yard\u0131mc\u0131s\u0131 H\u00fcseyin Emir Abd\u00fcllehyan\u2019\u0131n yan\u0131 s\u0131ra onlara e\u015flik eden heyeti kabul etti. G\u00f6r\u00fc\u015fmede Velayeti Suriye&#8217;nin devlet ve halk olarak y\u0131llard\u0131r tekfirci ter\u00f6r\u00fcn edat olarak kullan\u0131ld\u0131\u011f\u0131 evrensel bir sava\u015fa kar\u015f\u0131 sergiledi\u011fi onurlu m\u00fccadelesinin takdire \u015fayan oldu\u011funu ifade &hellip;<\/p>\n","protected":false},"author":1,"featured_media":53839,"comment_status":"closed","ping_status":"closed","sticky":false,"template":"","format":"standard","meta":{"footnotes":""},"categories":[608,479,605,2554,2555,478],"tags":[16402,17884],"class_list":["post-53739","post","type-post","status-publish","format-standard","has-post-thumbnail","","category-etkinlikler","category-haberler-yerel","category-sayin-cumhurbaskani","category-suriye-ve-dunya","category-suriye-ve-turkiye","category-yerel","tag-cumhurbaskani-bessar-el-esad","tag-el-esad-velayetiyi-kabul-etti"],"_links":{"self":[{"href":"https:\/\/archive.sana.sy\/tr\/index.php?rest_route=\/wp\/v2\/posts\/53739","targetHints":{"allow":["GET"]}}],"collection":[{"href":"https:\/\/archive.sana.sy\/tr\/index.php?rest_route=\/wp\/v2\/posts"}],"about":[{"href":"https:\/\/archive.sana.sy\/tr\/index.php?rest_route=\/wp\/v2\/types\/post"}],"author":[{"embeddable":true,"href":"https:\/\/archive.sana.sy\/tr\/index.php?rest_route=\/wp\/v2\/users\/1"}],"replies":[{"embeddable":true,"href":"https:\/\/archive.sana.sy\/tr\/index.php?rest_route=%2Fwp%2Fv2%2Fcomments&post=53739"}],"version-history":[{"count":0,"href":"https:\/\/archive.sana.sy\/tr\/index.php?rest_route=\/wp\/v2\/posts\/53739\/revisions"}],"wp:featuredmedia":[{"embeddable":true,"href":"https:\/\/archive.sana.sy\/tr\/index.php?rest_route=\/wp\/v2\/media\/53839"}],"wp:attachment":[{"href":"https:\/\/archive.sana.sy\/tr\/index.php?rest_route=%2Fwp%2Fv2%2Fmedia&parent=53739"}],"wp:term":[{"taxonomy":"category","embeddable":true,"href":"https:\/\/archive.sana.sy\/tr\/index.php?rest_route=%2Fwp%2Fv2%2Fcategories&post=53739"},{"taxonomy":"post_tag","embeddable":true,"href":"https:\/\/archive.sana.sy\/tr\/index.php?rest_route=%2Fwp%2Fv2%2Ftags&post=53739"}],"curies":[{"name":"wp","href":"https:\/\/api.w.org\/{rel}","templated":true}]}}