{"id":53740,"date":"2015-11-29T08:30:22","date_gmt":"2015-11-29T06:30:22","guid":{"rendered":"http:\/\/www.sana.sy\/tr\/?p=53740"},"modified":"2015-11-29T13:37:56","modified_gmt":"2015-11-29T11:37:56","slug":"iran-islami-devrimi-liderinin-mustesari-ali-ekber-velayeti-sama-ulasti","status":"publish","type":"post","link":"https:\/\/archive.sana.sy\/tr\/?p=53740","title":{"rendered":"\u0130ran \u0130slami Devrimi Liderinin m\u00fcste\u015far\u0131 Ali Ekber velayeti \u015eam\u2019a ula\u015ft\u0131."},"content":{"rendered":"<p>\u0130ran \u0130slami Devrimi Liderinin m\u00fcste\u015far\u0131 Ali Ekber velayeti \u015eam\u2019a ula\u015ft\u0131.<\/p>\n","protected":false},"excerpt":{"rendered":"<p>\u0130ran \u0130slami Devrimi Liderinin m\u00fcste\u015far\u0131 Ali Ekber velayeti \u015eam\u2019a ula\u015ft\u0131.<\/p>\n","protected":false},"author":1,"featured_media":0,"comment_status":"closed","ping_status":"closed","sticky":false,"template":"","format":"standard","meta":{"footnotes":""},"categories":[1],"tags":[],"class_list":["post-53740","post","type-post","status-publish","format-standard","","category-news-not-sorted"],"_links":{"self":[{"href":"https:\/\/archive.sana.sy\/tr\/index.php?rest_route=\/wp\/v2\/posts\/53740","targetHints":{"allow":["GET"]}}],"collection":[{"href":"https:\/\/archive.sana.sy\/tr\/index.php?rest_route=\/wp\/v2\/posts"}],"about":[{"href":"https:\/\/archive.sana.sy\/tr\/index.php?rest_route=\/wp\/v2\/types\/post"}],"author":[{"embeddable":true,"href":"https:\/\/archive.sana.sy\/tr\/index.php?rest_route=\/wp\/v2\/users\/1"}],"replies":[{"embeddable":true,"href":"https:\/\/archive.sana.sy\/tr\/index.php?rest_route=%2Fwp%2Fv2%2Fcomments&post=53740"}],"version-history":[{"count":0,"href":"https:\/\/archive.sana.sy\/tr\/index.php?rest_route=\/wp\/v2\/posts\/53740\/revisions"}],"wp:attachment":[{"href":"https:\/\/archive.sana.sy\/tr\/index.php?rest_route=%2Fwp%2Fv2%2Fmedia&parent=53740"}],"wp:term":[{"taxonomy":"category","embeddable":true,"href":"https:\/\/archive.sana.sy\/tr\/index.php?rest_route=%2Fwp%2Fv2%2Fcategories&post=53740"},{"taxonomy":"post_tag","embeddable":true,"href":"https:\/\/archive.sana.sy\/tr\/index.php?rest_route=%2Fwp%2Fv2%2Ftags&post=53740"}],"curies":[{"name":"wp","href":"https:\/\/api.w.org\/{rel}","templated":true}]}}