{"id":53760,"date":"2015-11-29T13:35:32","date_gmt":"2015-11-29T11:35:32","guid":{"rendered":"http:\/\/www.sana.sy\/tr\/?p=53760"},"modified":"2015-11-29T13:35:32","modified_gmt":"2015-11-29T11:35:32","slug":"pilotun-nasini-turkiye-teslim-ediyor","status":"publish","type":"post","link":"https:\/\/archive.sana.sy\/tr\/?p=53760","title":{"rendered":"Pilotun Na\u015f\u0131n\u0131 T\u00fcrkiye Teslim Ediyor"},"content":{"rendered":"<p>MOSKOVA \u2013 Rusya&#8217;n\u0131n Ankara B\u00fcy\u00fckel\u00e7ili\u011fi T\u00fcrk ordusunun ge\u00e7en Sal\u0131 g\u00fcn\u00fc Suriye hava sahas\u0131nda d\u00fc\u015f\u00fcrd\u00fc\u011f\u00fc Rus sava\u015f u\u00e7a\u011f\u0131n\u0131n pilotu Oleg Peshkov\u2019un na\u015f\u0131n\u0131 Ankara\u2019daki Rus diplomatlara teslim edece\u011fini ilan etti.<\/p>\n<p>B\u00fcy\u00fckel\u00e7ilikteki bas\u0131n ata\u015fesi Tass Ajans\u0131n\u0131n aktard\u0131\u011f\u0131 a\u00e7\u0131klamalar\u0131nda; \u201cRusya kahraman\u0131 pilotun na\u015f\u0131n\u0131n bug\u00fcn teslim edilece\u011fi haberi verildi. U\u00e7akta kahraman\u0131n na\u015f\u0131na askeri ata\u015fe e\u015flik edecek. Na\u015f\u0131n Rusya&#8217;ya ta\u015f\u0131nma tarihini belirleme \u00e7abalar\u0131 devam ediyor..\u201d dedi.<\/p>\n<p>T\u00fcrkiye&#8217;de rejimin ba\u015fbakan\u0131 Ahmet Davuto\u011flu; Rus pilotun na\u015f\u0131n\u0131n ter\u00f6r \u00e7eteleri taraf\u0131ndan T\u00fcrkiye&#8217;ye teslim edildi\u011fini a\u00e7\u0131klam\u0131\u015ft\u0131.<\/p>\n<p>T\u00fcrk ordusu taraf\u0131ndan Suriye hava sahas\u0131nda d\u00fc\u015f\u00fcr\u00fclen Rus sava\u015f u\u00e7a\u011f\u0131n\u0131n pilotlar\u0131 para\u015f\u00fctle atlamalar\u0131 ard\u0131ndan T\u00fcrkiye rejiminin destekledi\u011fi tekfirci \u00e7etelerin bulunduklar\u0131 b\u00f6lgelerde d\u00fc\u015fm\u00fc\u015flerdi. Ter\u00f6ristler para\u015f\u00fctten d\u00fc\u015f\u00fc\u015fleri s\u0131ras\u0131nda birinci pilota makineli silahlarla ate\u015f a\u00e7m\u0131\u015flard\u0131. \u0130kinci pilot ise Suriyeli ve Rus \u00f6zel g\u00fc\u00e7lerin nitelikli bir operasyonuyla sa\u011f salim olarak kurtar\u0131lm\u0131\u015ft\u0131.<\/p>\n<p>R.H.<\/p>\n","protected":false},"excerpt":{"rendered":"<p>MOSKOVA \u2013 Rusya&#8217;n\u0131n Ankara B\u00fcy\u00fckel\u00e7ili\u011fi T\u00fcrk ordusunun ge\u00e7en Sal\u0131 g\u00fcn\u00fc Suriye hava sahas\u0131nda d\u00fc\u015f\u00fcrd\u00fc\u011f\u00fc Rus sava\u015f u\u00e7a\u011f\u0131n\u0131n pilotu Oleg Peshkov\u2019un na\u015f\u0131n\u0131 Ankara\u2019daki Rus diplomatlara teslim edece\u011fini ilan etti. B\u00fcy\u00fckel\u00e7ilikteki bas\u0131n ata\u015fesi Tass Ajans\u0131n\u0131n aktard\u0131\u011f\u0131 a\u00e7\u0131klamalar\u0131nda; \u201cRusya kahraman\u0131 pilotun na\u015f\u0131n\u0131n bug\u00fcn teslim edilece\u011fi haberi verildi. U\u00e7akta kahraman\u0131n na\u015f\u0131na askeri ata\u015fe e\u015flik edecek. Na\u015f\u0131n Rusya&#8217;ya ta\u015f\u0131nma tarihini &hellip;<\/p>\n","protected":false},"author":1,"featured_media":53765,"comment_status":"closed","ping_status":"closed","sticky":false,"template":"","format":"standard","meta":{"footnotes":""},"categories":[458,459,447,2554,2555],"tags":[17886],"class_list":["post-53760","post","type-post","status-publish","format-standard","has-post-thumbnail","","category-dunya1","category-haberler-arap-uluslararasi-politika","category-politika","category-suriye-ve-dunya","category-suriye-ve-turkiye","tag-pilotun-nasini-turkiye-teslim-ediyor"],"_links":{"self":[{"href":"https:\/\/archive.sana.sy\/tr\/index.php?rest_route=\/wp\/v2\/posts\/53760","targetHints":{"allow":["GET"]}}],"collection":[{"href":"https:\/\/archive.sana.sy\/tr\/index.php?rest_route=\/wp\/v2\/posts"}],"about":[{"href":"https:\/\/archive.sana.sy\/tr\/index.php?rest_route=\/wp\/v2\/types\/post"}],"author":[{"embeddable":true,"href":"https:\/\/archive.sana.sy\/tr\/index.php?rest_route=\/wp\/v2\/users\/1"}],"replies":[{"embeddable":true,"href":"https:\/\/archive.sana.sy\/tr\/index.php?rest_route=%2Fwp%2Fv2%2Fcomments&post=53760"}],"version-history":[{"count":0,"href":"https:\/\/archive.sana.sy\/tr\/index.php?rest_route=\/wp\/v2\/posts\/53760\/revisions"}],"wp:featuredmedia":[{"embeddable":true,"href":"https:\/\/archive.sana.sy\/tr\/index.php?rest_route=\/wp\/v2\/media\/53765"}],"wp:attachment":[{"href":"https:\/\/archive.sana.sy\/tr\/index.php?rest_route=%2Fwp%2Fv2%2Fmedia&parent=53760"}],"wp:term":[{"taxonomy":"category","embeddable":true,"href":"https:\/\/archive.sana.sy\/tr\/index.php?rest_route=%2Fwp%2Fv2%2Fcategories&post=53760"},{"taxonomy":"post_tag","embeddable":true,"href":"https:\/\/archive.sana.sy\/tr\/index.php?rest_route=%2Fwp%2Fv2%2Ftags&post=53760"}],"curies":[{"name":"wp","href":"https:\/\/api.w.org\/{rel}","templated":true}]}}