{"id":53781,"date":"2015-11-29T13:43:55","date_gmt":"2015-11-29T11:43:55","guid":{"rendered":"http:\/\/www.sana.sy\/tr\/?p=53781"},"modified":"2016-06-21T15:17:47","modified_gmt":"2016-06-21T12:17:47","slug":"94-kanun-kacagi-teslim-oldu","status":"publish","type":"post","link":"https:\/\/archive.sana.sy\/tr\/?p=53781","title":{"rendered":"94 Kanun Ka\u00e7a\u011f\u0131 Teslim Oldu"},"content":{"rendered":"<p>\u0130LLER \u2013 \u015eam ve k\u0131rsal\u0131n\u0131n yan\u0131 s\u0131ra \u0130dlib ilinden kanun ka\u00e7a\u011f\u0131 94 ki\u015fi bug\u00fcn g\u00fcvenlik birimlerine teslim oldu.<\/p>\n<p>Suriye&#8217;yi devlet ve halk olarak hedef alan d\u00fc\u015fmanc\u0131 planlara bula\u015fmaktan pi\u015fmanl\u0131klar\u0131n\u0131 ifade eden s\u00f6z konusu ki\u015filer, ulusal uzla\u015fma ve af karar\u0131 kapsam\u0131nda normal ya\u015famlar\u0131na d\u00f6nmek istediklerini belirtti.<\/p>\n","protected":false},"excerpt":{"rendered":"<p>\u0130LLER \u2013 \u015eam ve k\u0131rsal\u0131n\u0131n yan\u0131 s\u0131ra \u0130dlib ilinden kanun ka\u00e7a\u011f\u0131 94 ki\u015fi bug\u00fcn g\u00fcvenlik birimlerine teslim oldu. Suriye&#8217;yi devlet ve halk olarak hedef alan d\u00fc\u015fmanc\u0131 planlara bula\u015fmaktan pi\u015fmanl\u0131klar\u0131n\u0131 ifade eden s\u00f6z konusu ki\u015filer, ulusal uzla\u015fma ve af karar\u0131 kapsam\u0131nda normal ya\u015famlar\u0131na d\u00f6nmek istediklerini belirtti.<\/p>\n","protected":false},"author":1,"featured_media":77189,"comment_status":"closed","ping_status":"closed","sticky":false,"template":"","format":"standard","meta":{"footnotes":""},"categories":[479,575,478],"tags":[17892],"class_list":["post-53781","post","type-post","status-publish","format-standard","has-post-thumbnail","","category-haberler-yerel","category-olaylar-ve-gercekler","category-yerel","tag-94-kanun-kacagi-teslim-oldu"],"_links":{"self":[{"href":"https:\/\/archive.sana.sy\/tr\/index.php?rest_route=\/wp\/v2\/posts\/53781","targetHints":{"allow":["GET"]}}],"collection":[{"href":"https:\/\/archive.sana.sy\/tr\/index.php?rest_route=\/wp\/v2\/posts"}],"about":[{"href":"https:\/\/archive.sana.sy\/tr\/index.php?rest_route=\/wp\/v2\/types\/post"}],"author":[{"embeddable":true,"href":"https:\/\/archive.sana.sy\/tr\/index.php?rest_route=\/wp\/v2\/users\/1"}],"replies":[{"embeddable":true,"href":"https:\/\/archive.sana.sy\/tr\/index.php?rest_route=%2Fwp%2Fv2%2Fcomments&post=53781"}],"version-history":[{"count":0,"href":"https:\/\/archive.sana.sy\/tr\/index.php?rest_route=\/wp\/v2\/posts\/53781\/revisions"}],"wp:featuredmedia":[{"embeddable":true,"href":"https:\/\/archive.sana.sy\/tr\/index.php?rest_route=\/wp\/v2\/media\/77189"}],"wp:attachment":[{"href":"https:\/\/archive.sana.sy\/tr\/index.php?rest_route=%2Fwp%2Fv2%2Fmedia&parent=53781"}],"wp:term":[{"taxonomy":"category","embeddable":true,"href":"https:\/\/archive.sana.sy\/tr\/index.php?rest_route=%2Fwp%2Fv2%2Fcategories&post=53781"},{"taxonomy":"post_tag","embeddable":true,"href":"https:\/\/archive.sana.sy\/tr\/index.php?rest_route=%2Fwp%2Fv2%2Ftags&post=53781"}],"curies":[{"name":"wp","href":"https:\/\/api.w.org\/{rel}","templated":true}]}}