{"id":53793,"date":"2015-11-29T10:10:41","date_gmt":"2015-11-29T08:10:41","guid":{"rendered":"http:\/\/www.sana.sy\/tr\/?p=53793"},"modified":"2015-11-29T14:02:37","modified_gmt":"2015-11-29T12:02:37","slug":"askeri-kaynak-hava-guclerimizin-hama-kirsalinda-turkiyedeki-rejimden-lojistik-ve-istihbarat-destegi-alan-cokuluslu-tekfirciler-ve-vatan-hainlerinin-latamina-ve-skik-bolgelerinde-karargah-ve-araclari","status":"publish","type":"post","link":"https:\/\/archive.sana.sy\/tr\/?p=53793","title":{"rendered":"Askeri kaynak hava g\u00fc\u00e7lerimizin Hama k\u0131rsal\u0131nda T\u00fcrkiye&#8217;deki rejimden lojistik ve istihbarat deste\u011fi alan \u00e7okuluslu tekfirciler ve vatan hainlerinin Latamina ve Skik b\u00f6lgelerinde karargah ve ara\u00e7lar\u0131n\u0131 imha ettiklerini belirtti."},"content":{"rendered":"<p>Askeri kaynak hava g\u00fc\u00e7lerimizin Hama k\u0131rsal\u0131nda T\u00fcrkiye&#8217;deki rejimden lojistik ve istihbarat deste\u011fi alan \u00e7okuluslu tekfirciler ve vatan hainlerinin Latamina ve Skik b\u00f6lgelerinde karargah ve ara\u00e7lar\u0131n\u0131 imha ettiklerini belirtti.<\/p>\n","protected":false},"excerpt":{"rendered":"<p>Askeri kaynak hava g\u00fc\u00e7lerimizin Hama k\u0131rsal\u0131nda T\u00fcrkiye&#8217;deki rejimden lojistik ve istihbarat deste\u011fi alan \u00e7okuluslu tekfirciler ve vatan hainlerinin Latamina ve Skik b\u00f6lgelerinde karargah ve ara\u00e7lar\u0131n\u0131 imha ettiklerini belirtti.<\/p>\n","protected":false},"author":1,"featured_media":0,"comment_status":"closed","ping_status":"closed","sticky":false,"template":"","format":"standard","meta":{"footnotes":""},"categories":[1],"tags":[],"class_list":["post-53793","post","type-post","status-publish","format-standard","","category-news-not-sorted"],"_links":{"self":[{"href":"https:\/\/archive.sana.sy\/tr\/index.php?rest_route=\/wp\/v2\/posts\/53793","targetHints":{"allow":["GET"]}}],"collection":[{"href":"https:\/\/archive.sana.sy\/tr\/index.php?rest_route=\/wp\/v2\/posts"}],"about":[{"href":"https:\/\/archive.sana.sy\/tr\/index.php?rest_route=\/wp\/v2\/types\/post"}],"author":[{"embeddable":true,"href":"https:\/\/archive.sana.sy\/tr\/index.php?rest_route=\/wp\/v2\/users\/1"}],"replies":[{"embeddable":true,"href":"https:\/\/archive.sana.sy\/tr\/index.php?rest_route=%2Fwp%2Fv2%2Fcomments&post=53793"}],"version-history":[{"count":0,"href":"https:\/\/archive.sana.sy\/tr\/index.php?rest_route=\/wp\/v2\/posts\/53793\/revisions"}],"wp:attachment":[{"href":"https:\/\/archive.sana.sy\/tr\/index.php?rest_route=%2Fwp%2Fv2%2Fmedia&parent=53793"}],"wp:term":[{"taxonomy":"category","embeddable":true,"href":"https:\/\/archive.sana.sy\/tr\/index.php?rest_route=%2Fwp%2Fv2%2Fcategories&post=53793"},{"taxonomy":"post_tag","embeddable":true,"href":"https:\/\/archive.sana.sy\/tr\/index.php?rest_route=%2Fwp%2Fv2%2Ftags&post=53793"}],"curies":[{"name":"wp","href":"https:\/\/api.w.org\/{rel}","templated":true}]}}