{"id":53800,"date":"2015-11-29T14:28:00","date_gmt":"2015-11-29T12:28:00","guid":{"rendered":"http:\/\/www.sana.sy\/tr\/?p=53800"},"modified":"2015-11-30T16:11:02","modified_gmt":"2015-11-30T14:11:02","slug":"yaraticilik-ve-icat-fuari-basladi","status":"publish","type":"post","link":"https:\/\/archive.sana.sy\/tr\/?p=53800","title":{"rendered":"Yarat\u0131c\u0131l\u0131k ve \u0130cat Fuar\u0131 Ba\u015flad\u0131"},"content":{"rendered":"<p>\u015eAM \u2013 17. El Basil Yarat\u0131c\u0131l\u0131k ve \u0130cat Fuar\u0131 bug\u00fcn \u015eam\u2019daki Patentler Merkezinde faaliyetlerine ba\u011flad\u0131.<\/p>\n<p>\u2018Yarat\u0131c\u0131l\u0131kla \u0130mar.. Hep Beraber Yeniden Yap\u0131lanmaya\u2019 slogan\u0131 alt\u0131nda ba\u015flayan fuara Suriye, M\u0131s\u0131r ve Irak\u2019tan 360 mucit kat\u0131l\u0131yor.<\/p>\n<p>Per\u015fembe g\u00fcn\u00fcne dek s\u00fcrecek fuarda yeniden yap\u0131land\u0131rma s\u00fcrecinde ihtiya\u00e7 duyulacak uzmanl\u0131klarda yarat\u0131c\u0131l\u0131k ve icat yar\u0131\u015fmalar\u0131 d\u00fczenleniyor.<\/p>\n<div id='gallery-1' class='gallery galleryid-53800 gallery-columns-3 gallery-size-thumbnail'><figure class='gallery-item'>\n\t\t\t<div class='gallery-icon landscape'>\n\t\t\t\t<a href='https:\/\/archive.sana.sy\/tr\/wp-content\/uploads\/2015\/11\/el-Basil-1.jpg'><img loading=\"lazy\" decoding=\"async\" width=\"150\" height=\"84\" src=\"https:\/\/archive.sana.sy\/tr\/wp-content\/uploads\/2015\/11\/el-Basil-1-150x84.jpg\" class=\"attachment-thumbnail size-thumbnail\" alt=\"\" srcset=\"https:\/\/archive.sana.sy\/tr\/wp-content\/uploads\/2015\/11\/el-Basil-1-150x84.jpg 150w, https:\/\/archive.sana.sy\/tr\/wp-content\/uploads\/2015\/11\/el-Basil-1-300x168.jpg 300w, https:\/\/archive.sana.sy\/tr\/wp-content\/uploads\/2015\/11\/el-Basil-1.jpg 660w\" sizes=\"auto, (max-width: 150px) 100vw, 150px\" \/><\/a>\n\t\t\t<\/div><\/figure><figure class='gallery-item'>\n\t\t\t<div class='gallery-icon landscape'>\n\t\t\t\t<a href='https:\/\/archive.sana.sy\/tr\/wp-content\/uploads\/2015\/11\/el-Basil-2.jpg'><img loading=\"lazy\" decoding=\"async\" width=\"150\" height=\"84\" src=\"https:\/\/archive.sana.sy\/tr\/wp-content\/uploads\/2015\/11\/el-Basil-2-150x84.jpg\" class=\"attachment-thumbnail size-thumbnail\" alt=\"\" srcset=\"https:\/\/archive.sana.sy\/tr\/wp-content\/uploads\/2015\/11\/el-Basil-2-150x84.jpg 150w, https:\/\/archive.sana.sy\/tr\/wp-content\/uploads\/2015\/11\/el-Basil-2-300x168.jpg 300w, https:\/\/archive.sana.sy\/tr\/wp-content\/uploads\/2015\/11\/el-Basil-2.jpg 660w\" sizes=\"auto, (max-width: 150px) 100vw, 150px\" \/><\/a>\n\t\t\t<\/div><\/figure><figure class='gallery-item'>\n\t\t\t<div class='gallery-icon landscape'>\n\t\t\t\t<a href='https:\/\/archive.sana.sy\/tr\/wp-content\/uploads\/2015\/11\/el-Basil-3.jpg'><img loading=\"lazy\" decoding=\"async\" width=\"150\" height=\"84\" src=\"https:\/\/archive.sana.sy\/tr\/wp-content\/uploads\/2015\/11\/el-Basil-3-150x84.jpg\" class=\"attachment-thumbnail size-thumbnail\" alt=\"\" srcset=\"https:\/\/archive.sana.sy\/tr\/wp-content\/uploads\/2015\/11\/el-Basil-3-150x84.jpg 150w, https:\/\/archive.sana.sy\/tr\/wp-content\/uploads\/2015\/11\/el-Basil-3-300x168.jpg 300w, https:\/\/archive.sana.sy\/tr\/wp-content\/uploads\/2015\/11\/el-Basil-3.jpg 660w\" sizes=\"auto, (max-width: 150px) 100vw, 150px\" \/><\/a>\n\t\t\t<\/div><\/figure>\n\t\t<\/div>\n\n<p>https:\/\/www.youtube.com\/watch?v=l3gjXMh4lqo<\/p>\n","protected":false},"excerpt":{"rendered":"<p>\u015eAM \u2013 17. El Basil Yarat\u0131c\u0131l\u0131k ve \u0130cat Fuar\u0131 bug\u00fcn \u015eam\u2019daki Patentler Merkezinde faaliyetlerine ba\u011flad\u0131. \u2018Yarat\u0131c\u0131l\u0131kla \u0130mar.. Hep Beraber Yeniden Yap\u0131lanmaya\u2019 slogan\u0131 alt\u0131nda ba\u015flayan fuara Suriye, M\u0131s\u0131r ve Irak\u2019tan 360 mucit kat\u0131l\u0131yor. Per\u015fembe g\u00fcn\u00fcne dek s\u00fcrecek fuarda yeniden yap\u0131land\u0131rma s\u00fcrecinde ihtiya\u00e7 duyulacak uzmanl\u0131klarda yarat\u0131c\u0131l\u0131k ve icat yar\u0131\u015fmalar\u0131 d\u00fczenleniyor. https:\/\/www.youtube.com\/watch?v=l3gjXMh4lqo<\/p>\n","protected":false},"author":1,"featured_media":53919,"comment_status":"closed","ping_status":"closed","sticky":false,"template":"","format":"standard","meta":{"footnotes":""},"categories":[485,596,479,486,525,478],"tags":[],"class_list":["post-53800","post","type-post","status-publish","format-standard","has-post-thumbnail","","category-is-ve-sermaye","category-fotografli-raporlar","category-haberler-yerel","category-haberler-is-ve-sermaye","category-toplum","category-yerel"],"_links":{"self":[{"href":"https:\/\/archive.sana.sy\/tr\/index.php?rest_route=\/wp\/v2\/posts\/53800","targetHints":{"allow":["GET"]}}],"collection":[{"href":"https:\/\/archive.sana.sy\/tr\/index.php?rest_route=\/wp\/v2\/posts"}],"about":[{"href":"https:\/\/archive.sana.sy\/tr\/index.php?rest_route=\/wp\/v2\/types\/post"}],"author":[{"embeddable":true,"href":"https:\/\/archive.sana.sy\/tr\/index.php?rest_route=\/wp\/v2\/users\/1"}],"replies":[{"embeddable":true,"href":"https:\/\/archive.sana.sy\/tr\/index.php?rest_route=%2Fwp%2Fv2%2Fcomments&post=53800"}],"version-history":[{"count":0,"href":"https:\/\/archive.sana.sy\/tr\/index.php?rest_route=\/wp\/v2\/posts\/53800\/revisions"}],"wp:featuredmedia":[{"embeddable":true,"href":"https:\/\/archive.sana.sy\/tr\/index.php?rest_route=\/wp\/v2\/media\/53919"}],"wp:attachment":[{"href":"https:\/\/archive.sana.sy\/tr\/index.php?rest_route=%2Fwp%2Fv2%2Fmedia&parent=53800"}],"wp:term":[{"taxonomy":"category","embeddable":true,"href":"https:\/\/archive.sana.sy\/tr\/index.php?rest_route=%2Fwp%2Fv2%2Fcategories&post=53800"},{"taxonomy":"post_tag","embeddable":true,"href":"https:\/\/archive.sana.sy\/tr\/index.php?rest_route=%2Fwp%2Fv2%2Ftags&post=53800"}],"curies":[{"name":"wp","href":"https:\/\/api.w.org\/{rel}","templated":true}]}}