{"id":53818,"date":"2015-11-29T15:07:02","date_gmt":"2015-11-29T13:07:02","guid":{"rendered":"http:\/\/www.sana.sy\/tr\/?p=53818"},"modified":"2015-11-29T15:07:02","modified_gmt":"2015-11-29T13:07:02","slug":"rusya-ile-ittifaka-cagirdi","status":"publish","type":"post","link":"https:\/\/archive.sana.sy\/tr\/?p=53818","title":{"rendered":"Rusya ile \u0130ttifaka \u00c7a\u011f\u0131rd\u0131"},"content":{"rendered":"<p>V\u0130YANA \u2013 Avusturya Ba\u015fbakan\u0131 Werner Faymann ter\u00f6re kar\u015f\u0131 m\u00fccadelede Rusya ile ittifak kurulmas\u0131 \u00e7a\u011fr\u0131s\u0131nda bulunarak I\u015e\u0130D ter\u00f6r \u00f6rg\u00fct\u00fcn\u00fc yok edecek uluslar aras\u0131 bir koalisyonun te\u015fkil edilmesi \u00f6nemini belirtti.<\/p>\n<p>Faymann bug\u00fcn yapt\u0131\u011f\u0131 bas\u0131n a\u00e7\u0131klamas\u0131nda \u00fclkesinin Rusya&#8217;ya yapt\u0131r\u0131mlar uygulanmas\u0131na kar\u015f\u0131 oldu\u011funu, Ukrayna\u2019daki kriz \u00e7er\u00e7evesinde daha \u00f6nce uygulanan yapt\u0131r\u0131mlar\u0131n da kald\u0131r\u0131lmas\u0131ndan yana oldu\u011funu ifade etti.<\/p>\n<p>Avusturya\u2019n\u0131n T\u00fcrkiye&#8217;nin AB\u2019ye kat\u0131lmas\u0131na da itiraz\u0131 oldu\u011funu s\u00f6yleyen Faymann; AB\u2019nin T\u00fcrkiye&#8217;yi katma karar\u0131 almas\u0131 halinde \u00fclkede referandum yap\u0131laca\u011f\u0131n\u0131 s\u00f6yledi.<\/p>\n","protected":false},"excerpt":{"rendered":"<p>V\u0130YANA \u2013 Avusturya Ba\u015fbakan\u0131 Werner Faymann ter\u00f6re kar\u015f\u0131 m\u00fccadelede Rusya ile ittifak kurulmas\u0131 \u00e7a\u011fr\u0131s\u0131nda bulunarak I\u015e\u0130D ter\u00f6r \u00f6rg\u00fct\u00fcn\u00fc yok edecek uluslar aras\u0131 bir koalisyonun te\u015fkil edilmesi \u00f6nemini belirtti. Faymann bug\u00fcn yapt\u0131\u011f\u0131 bas\u0131n a\u00e7\u0131klamas\u0131nda \u00fclkesinin Rusya&#8217;ya yapt\u0131r\u0131mlar uygulanmas\u0131na kar\u015f\u0131 oldu\u011funu, Ukrayna\u2019daki kriz \u00e7er\u00e7evesinde daha \u00f6nce uygulanan yapt\u0131r\u0131mlar\u0131n da kald\u0131r\u0131lmas\u0131ndan yana oldu\u011funu ifade etti. Avusturya\u2019n\u0131n T\u00fcrkiye&#8217;nin AB\u2019ye &hellip;<\/p>\n","protected":false},"author":1,"featured_media":53819,"comment_status":"closed","ping_status":"closed","sticky":false,"template":"","format":"standard","meta":{"footnotes":""},"categories":[458,459,447,2554,2555],"tags":[],"class_list":["post-53818","post","type-post","status-publish","format-standard","has-post-thumbnail","","category-dunya1","category-haberler-arap-uluslararasi-politika","category-politika","category-suriye-ve-dunya","category-suriye-ve-turkiye"],"_links":{"self":[{"href":"https:\/\/archive.sana.sy\/tr\/index.php?rest_route=\/wp\/v2\/posts\/53818","targetHints":{"allow":["GET"]}}],"collection":[{"href":"https:\/\/archive.sana.sy\/tr\/index.php?rest_route=\/wp\/v2\/posts"}],"about":[{"href":"https:\/\/archive.sana.sy\/tr\/index.php?rest_route=\/wp\/v2\/types\/post"}],"author":[{"embeddable":true,"href":"https:\/\/archive.sana.sy\/tr\/index.php?rest_route=\/wp\/v2\/users\/1"}],"replies":[{"embeddable":true,"href":"https:\/\/archive.sana.sy\/tr\/index.php?rest_route=%2Fwp%2Fv2%2Fcomments&post=53818"}],"version-history":[{"count":0,"href":"https:\/\/archive.sana.sy\/tr\/index.php?rest_route=\/wp\/v2\/posts\/53818\/revisions"}],"wp:featuredmedia":[{"embeddable":true,"href":"https:\/\/archive.sana.sy\/tr\/index.php?rest_route=\/wp\/v2\/media\/53819"}],"wp:attachment":[{"href":"https:\/\/archive.sana.sy\/tr\/index.php?rest_route=%2Fwp%2Fv2%2Fmedia&parent=53818"}],"wp:term":[{"taxonomy":"category","embeddable":true,"href":"https:\/\/archive.sana.sy\/tr\/index.php?rest_route=%2Fwp%2Fv2%2Fcategories&post=53818"},{"taxonomy":"post_tag","embeddable":true,"href":"https:\/\/archive.sana.sy\/tr\/index.php?rest_route=%2Fwp%2Fv2%2Ftags&post=53818"}],"curies":[{"name":"wp","href":"https:\/\/api.w.org\/{rel}","templated":true}]}}