{"id":53821,"date":"2015-11-29T19:34:50","date_gmt":"2015-11-29T17:34:50","guid":{"rendered":"http:\/\/www.sana.sy\/tr\/?p=53821"},"modified":"2015-11-29T16:58:13","modified_gmt":"2015-11-29T14:58:13","slug":"universite-sehitlerinin-ailelerine-destek-fuari","status":"publish","type":"post","link":"https:\/\/archive.sana.sy\/tr\/?p=53821","title":{"rendered":"\u00dcniversite \u015eehitlerinin Ailelerine Destek Fuar\u0131"},"content":{"rendered":"<p>\u015eAM \u2013 \u015eam \u00dcniversitesi Mimarl\u0131k Fak\u00fcltesi bug\u00fcn \u00fcniversite \u015fehitlerinin ailelerine destek amac\u0131yla \u00f6\u011frenci fuar\u0131n\u0131n a\u00e7\u0131l\u0131\u015f\u0131n\u0131 yapt\u0131.<\/p>\n<p>Sosyalist Arap el Baas Partisi \u00dcniversite \u015eubesinin i\u015fbirli\u011fi ile d\u00fczenlenen ve toplanacak paran\u0131n \u015fehit ailelerine ayr\u0131lan fuarda fak\u00fcltede birinci ve ikinci s\u0131n\u0131f \u00f6\u011frencilerinin haz\u0131rlad\u0131klar\u0131 237 tablo yer ald\u0131.<\/p>\n<p>Fuar\u0131n a\u00e7\u0131l\u0131\u015f\u0131nda konu\u015fan \u015eam \u00dcniversitesi Rekt\u00f6r\u00fc Muhammed Hassan el K\u00fcrdi d\u0131\u015f g\u00fc\u00e7lerin destek ve talimatlar\u0131yla faaliyet g\u00f6steren ter\u00f6ristlerin korkak sald\u0131r\u0131lar\u0131 sonucunda \u015eam \u00dcniversitesi \u00f6\u011frenci ve \u00f6\u011fretim kadrosundan 100\u2019e yak\u0131n \u015fehidin bulundu\u011funa dikkat \u00e7ekti. K\u00fcrdi bu \u015fehitlerin ailelerine destek sa\u011flaman\u0131n \u00dcniversitenin bir g\u00f6revi oldu\u011funu ifade etti.<\/p>\n<div id='gallery-1' class='gallery galleryid-53821 gallery-columns-2 gallery-size-thumbnail'><figure class='gallery-item'>\n\t\t\t<div class='gallery-icon landscape'>\n\t\t\t\t<a href='https:\/\/archive.sana.sy\/tr\/wp-content\/uploads\/2015\/11\/262.jpg'><img loading=\"lazy\" decoding=\"async\" width=\"150\" height=\"115\" src=\"https:\/\/archive.sana.sy\/tr\/wp-content\/uploads\/2015\/11\/262-150x115.jpg\" class=\"attachment-thumbnail size-thumbnail\" alt=\"\" srcset=\"https:\/\/archive.sana.sy\/tr\/wp-content\/uploads\/2015\/11\/262-150x115.jpg 150w, https:\/\/archive.sana.sy\/tr\/wp-content\/uploads\/2015\/11\/262-300x230.jpg 300w, https:\/\/archive.sana.sy\/tr\/wp-content\/uploads\/2015\/11\/262.jpg 500w\" sizes=\"auto, (max-width: 150px) 100vw, 150px\" \/><\/a>\n\t\t\t<\/div><\/figure><figure class='gallery-item'>\n\t\t\t<div class='gallery-icon landscape'>\n\t\t\t\t<a href='https:\/\/archive.sana.sy\/tr\/wp-content\/uploads\/2015\/11\/1127.jpg'><img loading=\"lazy\" decoding=\"async\" width=\"150\" height=\"102\" src=\"https:\/\/archive.sana.sy\/tr\/wp-content\/uploads\/2015\/11\/1127-150x102.jpg\" class=\"attachment-thumbnail size-thumbnail\" alt=\"\" srcset=\"https:\/\/archive.sana.sy\/tr\/wp-content\/uploads\/2015\/11\/1127-150x102.jpg 150w, https:\/\/archive.sana.sy\/tr\/wp-content\/uploads\/2015\/11\/1127-300x203.jpg 300w, https:\/\/archive.sana.sy\/tr\/wp-content\/uploads\/2015\/11\/1127.jpg 500w\" sizes=\"auto, (max-width: 150px) 100vw, 150px\" \/><\/a>\n\t\t\t<\/div><\/figure>\n\t\t<\/div>\n\n<p>https:\/\/www.youtube.com\/watch?v=pOoiSa-WFP0<\/p>\n","protected":false},"excerpt":{"rendered":"<p>\u015eAM \u2013 \u015eam \u00dcniversitesi Mimarl\u0131k Fak\u00fcltesi bug\u00fcn \u00fcniversite \u015fehitlerinin ailelerine destek amac\u0131yla \u00f6\u011frenci fuar\u0131n\u0131n a\u00e7\u0131l\u0131\u015f\u0131n\u0131 yapt\u0131. Sosyalist Arap el Baas Partisi \u00dcniversite \u015eubesinin i\u015fbirli\u011fi ile d\u00fczenlenen ve toplanacak paran\u0131n \u015fehit ailelerine ayr\u0131lan fuarda fak\u00fcltede birinci ve ikinci s\u0131n\u0131f \u00f6\u011frencilerinin haz\u0131rlad\u0131klar\u0131 237 tablo yer ald\u0131. Fuar\u0131n a\u00e7\u0131l\u0131\u015f\u0131nda konu\u015fan \u015eam \u00dcniversitesi Rekt\u00f6r\u00fc Muhammed Hassan el K\u00fcrdi d\u0131\u015f &hellip;<\/p>\n","protected":false},"author":1,"featured_media":53822,"comment_status":"closed","ping_status":"closed","sticky":false,"template":"","format":"standard","meta":{"footnotes":""},"categories":[596,479,478],"tags":[17894,17893],"class_list":["post-53821","post","type-post","status-publish","format-standard","has-post-thumbnail","","category-fotografli-raporlar","category-haberler-yerel","category-yerel","tag-sam-universitesi-mimarlik-fakultesi","tag-universite-sehitlerinin-ailelerine-destek-fuari"],"_links":{"self":[{"href":"https:\/\/archive.sana.sy\/tr\/index.php?rest_route=\/wp\/v2\/posts\/53821","targetHints":{"allow":["GET"]}}],"collection":[{"href":"https:\/\/archive.sana.sy\/tr\/index.php?rest_route=\/wp\/v2\/posts"}],"about":[{"href":"https:\/\/archive.sana.sy\/tr\/index.php?rest_route=\/wp\/v2\/types\/post"}],"author":[{"embeddable":true,"href":"https:\/\/archive.sana.sy\/tr\/index.php?rest_route=\/wp\/v2\/users\/1"}],"replies":[{"embeddable":true,"href":"https:\/\/archive.sana.sy\/tr\/index.php?rest_route=%2Fwp%2Fv2%2Fcomments&post=53821"}],"version-history":[{"count":0,"href":"https:\/\/archive.sana.sy\/tr\/index.php?rest_route=\/wp\/v2\/posts\/53821\/revisions"}],"wp:featuredmedia":[{"embeddable":true,"href":"https:\/\/archive.sana.sy\/tr\/index.php?rest_route=\/wp\/v2\/media\/53822"}],"wp:attachment":[{"href":"https:\/\/archive.sana.sy\/tr\/index.php?rest_route=%2Fwp%2Fv2%2Fmedia&parent=53821"}],"wp:term":[{"taxonomy":"category","embeddable":true,"href":"https:\/\/archive.sana.sy\/tr\/index.php?rest_route=%2Fwp%2Fv2%2Fcategories&post=53821"},{"taxonomy":"post_tag","embeddable":true,"href":"https:\/\/archive.sana.sy\/tr\/index.php?rest_route=%2Fwp%2Fv2%2Ftags&post=53821"}],"curies":[{"name":"wp","href":"https:\/\/api.w.org\/{rel}","templated":true}]}}