{"id":53827,"date":"2015-11-29T15:34:42","date_gmt":"2015-11-29T13:34:42","guid":{"rendered":"http:\/\/www.sana.sy\/tr\/?p=53827"},"modified":"2015-11-29T15:34:42","modified_gmt":"2015-11-29T13:34:42","slug":"ordu-birliklerimiz-lazkiye-kirsalinin-kuzeyinde-erdogan-rejimi-tarafindan-her-turlu-destegi-alip-bu-ihvanci-rejimin-talimatlariyla-faaliyet-gosteren-ve-geneli-kaide-orgutunun-suriye-kolu-nusra-cephesi","status":"publish","type":"post","link":"https:\/\/archive.sana.sy\/tr\/?p=53827","title":{"rendered":"Ordu birliklerimiz Lazkiye k\u0131rsal\u0131n\u0131n kuzeyinde Erdo\u011fan rejimi taraf\u0131ndan her t\u00fcrl\u00fc deste\u011fi al\u0131p bu ihvanc\u0131 rejimin talimatlar\u0131yla faaliyet g\u00f6steren ve geneli Kaide \u00d6rg\u00fct\u00fcn\u00fcn Suriye kolu Nusra Cephesine tabi olan ter\u00f6ristlere y\u00f6nelik operasyonlar\u0131 kapsam\u0131nda Ke\u015fkar Da\u011f\u0131n\u0131 kontrol\u00fcne ald\u0131."},"content":{"rendered":"<p>Ordu birliklerimiz Lazkiye k\u0131rsal\u0131n\u0131n kuzeyinde Erdo\u011fan rejimi taraf\u0131ndan her t\u00fcrl\u00fc deste\u011fi al\u0131p bu ihvanc\u0131 rejimin talimatlar\u0131yla faaliyet g\u00f6steren ve geneli Kaide \u00d6rg\u00fct\u00fcn\u00fcn Suriye kolu Nusra Cephesine tabi olan ter\u00f6ristlere y\u00f6nelik operasyonlar\u0131 kapsam\u0131nda Ke\u015fkar Da\u011f\u0131n\u0131 kontrol\u00fcne ald\u0131.<\/p>\n","protected":false},"excerpt":{"rendered":"<p>Ordu birliklerimiz Lazkiye k\u0131rsal\u0131n\u0131n kuzeyinde Erdo\u011fan rejimi taraf\u0131ndan her t\u00fcrl\u00fc deste\u011fi al\u0131p bu ihvanc\u0131 rejimin talimatlar\u0131yla faaliyet g\u00f6steren ve geneli Kaide \u00d6rg\u00fct\u00fcn\u00fcn Suriye kolu Nusra Cephesine tabi olan ter\u00f6ristlere y\u00f6nelik operasyonlar\u0131 kapsam\u0131nda Ke\u015fkar Da\u011f\u0131n\u0131 kontrol\u00fcne ald\u0131.<\/p>\n","protected":false},"author":1,"featured_media":0,"comment_status":"closed","ping_status":"closed","sticky":false,"template":"","format":"standard","meta":{"footnotes":""},"categories":[1],"tags":[],"class_list":["post-53827","post","type-post","status-publish","format-standard","","category-news-not-sorted"],"_links":{"self":[{"href":"https:\/\/archive.sana.sy\/tr\/index.php?rest_route=\/wp\/v2\/posts\/53827","targetHints":{"allow":["GET"]}}],"collection":[{"href":"https:\/\/archive.sana.sy\/tr\/index.php?rest_route=\/wp\/v2\/posts"}],"about":[{"href":"https:\/\/archive.sana.sy\/tr\/index.php?rest_route=\/wp\/v2\/types\/post"}],"author":[{"embeddable":true,"href":"https:\/\/archive.sana.sy\/tr\/index.php?rest_route=\/wp\/v2\/users\/1"}],"replies":[{"embeddable":true,"href":"https:\/\/archive.sana.sy\/tr\/index.php?rest_route=%2Fwp%2Fv2%2Fcomments&post=53827"}],"version-history":[{"count":0,"href":"https:\/\/archive.sana.sy\/tr\/index.php?rest_route=\/wp\/v2\/posts\/53827\/revisions"}],"wp:attachment":[{"href":"https:\/\/archive.sana.sy\/tr\/index.php?rest_route=%2Fwp%2Fv2%2Fmedia&parent=53827"}],"wp:term":[{"taxonomy":"category","embeddable":true,"href":"https:\/\/archive.sana.sy\/tr\/index.php?rest_route=%2Fwp%2Fv2%2Fcategories&post=53827"},{"taxonomy":"post_tag","embeddable":true,"href":"https:\/\/archive.sana.sy\/tr\/index.php?rest_route=%2Fwp%2Fv2%2Ftags&post=53827"}],"curies":[{"name":"wp","href":"https:\/\/api.w.org\/{rel}","templated":true}]}}