{"id":53831,"date":"2015-11-29T15:43:22","date_gmt":"2015-11-29T13:43:22","guid":{"rendered":"http:\/\/www.sana.sy\/tr\/?p=53831"},"modified":"2015-11-29T15:43:22","modified_gmt":"2015-11-29T13:43:22","slug":"kamisli-hastanesine-ilac-gonderildi","status":"publish","type":"post","link":"https:\/\/archive.sana.sy\/tr\/?p=53831","title":{"rendered":"Kam\u0131\u015fl\u0131 Hastanesine \u0130la\u00e7 G\u00f6nderildi"},"content":{"rendered":"<p>HASEKE \u2013 Haseke \u0130line tabi Kam\u0131\u015fl\u0131 Kentindeki Devlet Hastanesi bug\u00fcn Sa\u011fl\u0131k Bakanl\u0131\u011f\u0131ndan muhtelif t\u00fcr i\u00e7eren bir ton ila\u00e7 teslim ald\u0131.<\/p>\n<p>Hastane M\u00fcd\u00fcr\u00fc \u00d6mer el Ak\u00fcb SANA\u2019ya a\u00e7\u0131klamas\u0131nda teslim al\u0131nan ila\u00e7larda diyalizde kullan\u0131lan ila\u00e7lar\u0131n yan\u0131 s\u0131ra kronik hastal\u0131klar ve acil serviste kullan\u0131lan ila\u00e7lar\u0131n bulundu\u011funu s\u00f6yledi. Ak\u00fcb hastanenin \u00f6n\u00fcm\u00fczdeki k\u0131sa s\u00fcre i\u00e7inde b\u00fcy\u00fck bir k\u0131sm\u0131 Sa\u011fl\u0131k Bakanl\u0131\u011f\u0131 arac\u0131l\u0131\u011f\u0131 ile olmak \u00fczere 20 ton ila\u00e7 teslim alma haz\u0131rl\u0131\u011f\u0131nda oldu\u011funu a\u00e7\u0131klad\u0131.<\/p>\n<p>Kam\u0131\u015fl\u0131 Devlet Hastanesi ge\u00e7en hafta i\u00e7inde Sa\u011fl\u0131k Bakanl\u0131\u011f\u0131ndan 3 diyaliz makinesinin yan\u0131 s\u0131ra 3 ton ila\u00e7 teslim alm\u0131\u015ft\u0131.<\/p>\n","protected":false},"excerpt":{"rendered":"<p>HASEKE \u2013 Haseke \u0130line tabi Kam\u0131\u015fl\u0131 Kentindeki Devlet Hastanesi bug\u00fcn Sa\u011fl\u0131k Bakanl\u0131\u011f\u0131ndan muhtelif t\u00fcr i\u00e7eren bir ton ila\u00e7 teslim ald\u0131. Hastane M\u00fcd\u00fcr\u00fc \u00d6mer el Ak\u00fcb SANA\u2019ya a\u00e7\u0131klamas\u0131nda teslim al\u0131nan ila\u00e7larda diyalizde kullan\u0131lan ila\u00e7lar\u0131n yan\u0131 s\u0131ra kronik hastal\u0131klar ve acil serviste kullan\u0131lan ila\u00e7lar\u0131n bulundu\u011funu s\u00f6yledi. Ak\u00fcb hastanenin \u00f6n\u00fcm\u00fczdeki k\u0131sa s\u00fcre i\u00e7inde b\u00fcy\u00fck bir k\u0131sm\u0131 Sa\u011fl\u0131k Bakanl\u0131\u011f\u0131 &hellip;<\/p>\n","protected":false},"author":1,"featured_media":25509,"comment_status":"closed","ping_status":"closed","sticky":false,"template":"","format":"standard","meta":{"footnotes":""},"categories":[479,478],"tags":[17896],"class_list":["post-53831","post","type-post","status-publish","format-standard","has-post-thumbnail","","category-haberler-yerel","category-yerel","tag-kamisli-hastanesine-ilac-gonderildi"],"_links":{"self":[{"href":"https:\/\/archive.sana.sy\/tr\/index.php?rest_route=\/wp\/v2\/posts\/53831","targetHints":{"allow":["GET"]}}],"collection":[{"href":"https:\/\/archive.sana.sy\/tr\/index.php?rest_route=\/wp\/v2\/posts"}],"about":[{"href":"https:\/\/archive.sana.sy\/tr\/index.php?rest_route=\/wp\/v2\/types\/post"}],"author":[{"embeddable":true,"href":"https:\/\/archive.sana.sy\/tr\/index.php?rest_route=\/wp\/v2\/users\/1"}],"replies":[{"embeddable":true,"href":"https:\/\/archive.sana.sy\/tr\/index.php?rest_route=%2Fwp%2Fv2%2Fcomments&post=53831"}],"version-history":[{"count":0,"href":"https:\/\/archive.sana.sy\/tr\/index.php?rest_route=\/wp\/v2\/posts\/53831\/revisions"}],"wp:featuredmedia":[{"embeddable":true,"href":"https:\/\/archive.sana.sy\/tr\/index.php?rest_route=\/wp\/v2\/media\/25509"}],"wp:attachment":[{"href":"https:\/\/archive.sana.sy\/tr\/index.php?rest_route=%2Fwp%2Fv2%2Fmedia&parent=53831"}],"wp:term":[{"taxonomy":"category","embeddable":true,"href":"https:\/\/archive.sana.sy\/tr\/index.php?rest_route=%2Fwp%2Fv2%2Fcategories&post=53831"},{"taxonomy":"post_tag","embeddable":true,"href":"https:\/\/archive.sana.sy\/tr\/index.php?rest_route=%2Fwp%2Fv2%2Ftags&post=53831"}],"curies":[{"name":"wp","href":"https:\/\/api.w.org\/{rel}","templated":true}]}}