{"id":53850,"date":"2015-11-29T13:45:20","date_gmt":"2015-11-29T11:45:20","guid":{"rendered":"http:\/\/www.sana.sy\/tr\/?p=53850"},"modified":"2015-11-29T16:37:45","modified_gmt":"2015-11-29T14:37:45","slug":"velayeti-ve-abdullehyan-suriyenin-egemenligi-ve-toprak-butunlugunun-korunmasiyla-birlikte-suriye-halkinin-tercih-ettigi-secenegin-desteklenmesinde-iranin-harcadigi-cabalar-hakkinda-e","status":"publish","type":"post","link":"https:\/\/archive.sana.sy\/tr\/?p=53850","title":{"rendered":"Velayeti ve Abd\u00fcllehyan Suriye\u2019nin egemenli\u011fi ve toprak b\u00fct\u00fcnl\u00fc\u011f\u00fcn\u00fcn korunmas\u0131yla birlikte Suriye halk\u0131n\u0131n tercih etti\u011fi se\u00e7ene\u011fin desteklenmesinde \u0130ran\u2019\u0131n harcad\u0131\u011f\u0131 \u00e7abalar hakk\u0131nda el Esad\u2019a bilgi takdim ettiler."},"content":{"rendered":"<p>Velayeti ve Abd\u00fcllehyan Suriye\u2019nin egemenli\u011fi ve toprak b\u00fct\u00fcnl\u00fc\u011f\u00fcn\u00fcn korunmas\u0131yla birlikte Suriye halk\u0131n\u0131n tercih etti\u011fi se\u00e7ene\u011fin desteklenmesinde \u0130ran\u2019\u0131n harcad\u0131\u011f\u0131 \u00e7abalar hakk\u0131nda el Esad\u2019a bilgi takdim ettiler.<\/p>\n","protected":false},"excerpt":{"rendered":"<p>Velayeti ve Abd\u00fcllehyan Suriye\u2019nin egemenli\u011fi ve toprak b\u00fct\u00fcnl\u00fc\u011f\u00fcn\u00fcn korunmas\u0131yla birlikte Suriye halk\u0131n\u0131n tercih etti\u011fi se\u00e7ene\u011fin desteklenmesinde \u0130ran\u2019\u0131n harcad\u0131\u011f\u0131 \u00e7abalar hakk\u0131nda el Esad\u2019a bilgi takdim ettiler.<\/p>\n","protected":false},"author":1,"featured_media":0,"comment_status":"closed","ping_status":"closed","sticky":false,"template":"","format":"standard","meta":{"footnotes":""},"categories":[1],"tags":[],"class_list":["post-53850","post","type-post","status-publish","format-standard","","category-news-not-sorted"],"_links":{"self":[{"href":"https:\/\/archive.sana.sy\/tr\/index.php?rest_route=\/wp\/v2\/posts\/53850","targetHints":{"allow":["GET"]}}],"collection":[{"href":"https:\/\/archive.sana.sy\/tr\/index.php?rest_route=\/wp\/v2\/posts"}],"about":[{"href":"https:\/\/archive.sana.sy\/tr\/index.php?rest_route=\/wp\/v2\/types\/post"}],"author":[{"embeddable":true,"href":"https:\/\/archive.sana.sy\/tr\/index.php?rest_route=\/wp\/v2\/users\/1"}],"replies":[{"embeddable":true,"href":"https:\/\/archive.sana.sy\/tr\/index.php?rest_route=%2Fwp%2Fv2%2Fcomments&post=53850"}],"version-history":[{"count":0,"href":"https:\/\/archive.sana.sy\/tr\/index.php?rest_route=\/wp\/v2\/posts\/53850\/revisions"}],"wp:attachment":[{"href":"https:\/\/archive.sana.sy\/tr\/index.php?rest_route=%2Fwp%2Fv2%2Fmedia&parent=53850"}],"wp:term":[{"taxonomy":"category","embeddable":true,"href":"https:\/\/archive.sana.sy\/tr\/index.php?rest_route=%2Fwp%2Fv2%2Fcategories&post=53850"},{"taxonomy":"post_tag","embeddable":true,"href":"https:\/\/archive.sana.sy\/tr\/index.php?rest_route=%2Fwp%2Fv2%2Ftags&post=53850"}],"curies":[{"name":"wp","href":"https:\/\/api.w.org\/{rel}","templated":true}]}}