{"id":53851,"date":"2015-11-29T14:00:26","date_gmt":"2015-11-29T12:00:26","guid":{"rendered":"http:\/\/www.sana.sy\/tr\/?p=53851"},"modified":"2015-11-29T16:38:10","modified_gmt":"2015-11-29T14:38:10","slug":"velayeti-iran-islam-devrimi-lideri-ve-iran-yonetiminin-suriye-arap-cumhuriyetini-her-konuda-desteklemeye-devam-etme-kararliligi-ve-azminde-oldugunun-altini-cizerken-suriyenin-devlet-ve-halk-o","status":"publish","type":"post","link":"https:\/\/archive.sana.sy\/tr\/?p=53851","title":{"rendered":"Velayeti \u0130ran \u0130slam Devrimi Lideri ve \u0130ran y\u00f6netiminin Suriye Arap Cumhuriyetini her konuda desteklemeye devam etme kararl\u0131l\u0131\u011f\u0131 ve azminde oldu\u011funun alt\u0131n\u0131 \u00e7izerken Suriye\u2019nin devlet ve halk olarak b\u00f6lge gelece\u011fini belirleyecek bir sava\u015fla kar\u015f\u0131 kar\u015f\u0131ya oldu\u011funa dikkat \u00e7ekti."},"content":{"rendered":"<p>Velayeti \u0130ran \u0130slam Devrimi Lideri ve \u0130ran y\u00f6netiminin Suriye Arap Cumhuriyetini her konuda desteklemeye devam etme kararl\u0131l\u0131\u011f\u0131 ve azminde oldu\u011funun alt\u0131n\u0131 \u00e7izerken Suriye\u2019nin devlet ve halk olarak b\u00f6lge gelece\u011fini belirleyecek bir sava\u015fla kar\u015f\u0131 kar\u015f\u0131ya oldu\u011funa dikkat \u00e7ekti.<\/p>\n","protected":false},"excerpt":{"rendered":"<p>Velayeti \u0130ran \u0130slam Devrimi Lideri ve \u0130ran y\u00f6netiminin Suriye Arap Cumhuriyetini her konuda desteklemeye devam etme kararl\u0131l\u0131\u011f\u0131 ve azminde oldu\u011funun alt\u0131n\u0131 \u00e7izerken Suriye\u2019nin devlet ve halk olarak b\u00f6lge gelece\u011fini belirleyecek bir sava\u015fla kar\u015f\u0131 kar\u015f\u0131ya oldu\u011funa dikkat \u00e7ekti.<\/p>\n","protected":false},"author":1,"featured_media":0,"comment_status":"closed","ping_status":"closed","sticky":false,"template":"","format":"standard","meta":{"footnotes":""},"categories":[1],"tags":[],"class_list":["post-53851","post","type-post","status-publish","format-standard","","category-news-not-sorted"],"_links":{"self":[{"href":"https:\/\/archive.sana.sy\/tr\/index.php?rest_route=\/wp\/v2\/posts\/53851","targetHints":{"allow":["GET"]}}],"collection":[{"href":"https:\/\/archive.sana.sy\/tr\/index.php?rest_route=\/wp\/v2\/posts"}],"about":[{"href":"https:\/\/archive.sana.sy\/tr\/index.php?rest_route=\/wp\/v2\/types\/post"}],"author":[{"embeddable":true,"href":"https:\/\/archive.sana.sy\/tr\/index.php?rest_route=\/wp\/v2\/users\/1"}],"replies":[{"embeddable":true,"href":"https:\/\/archive.sana.sy\/tr\/index.php?rest_route=%2Fwp%2Fv2%2Fcomments&post=53851"}],"version-history":[{"count":0,"href":"https:\/\/archive.sana.sy\/tr\/index.php?rest_route=\/wp\/v2\/posts\/53851\/revisions"}],"wp:attachment":[{"href":"https:\/\/archive.sana.sy\/tr\/index.php?rest_route=%2Fwp%2Fv2%2Fmedia&parent=53851"}],"wp:term":[{"taxonomy":"category","embeddable":true,"href":"https:\/\/archive.sana.sy\/tr\/index.php?rest_route=%2Fwp%2Fv2%2Fcategories&post=53851"},{"taxonomy":"post_tag","embeddable":true,"href":"https:\/\/archive.sana.sy\/tr\/index.php?rest_route=%2Fwp%2Fv2%2Ftags&post=53851"}],"curies":[{"name":"wp","href":"https:\/\/api.w.org\/{rel}","templated":true}]}}