{"id":53854,"date":"2015-11-29T14:10:12","date_gmt":"2015-11-29T12:10:12","guid":{"rendered":"http:\/\/www.sana.sy\/tr\/?p=53854"},"modified":"2015-11-29T16:39:05","modified_gmt":"2015-11-29T14:39:05","slug":"el-esad-suriye-halki-ve-ordusunun-tum-bu-yillar-icinde-suriyeye-dost-devletlerle-isbirligi-icinde-terore-karsi-sagladigi-basarilarin-suriye-ve-halkina-dusmanci-tutumlarla-teroru-destekleyen-k","status":"publish","type":"post","link":"https:\/\/archive.sana.sy\/tr\/?p=53854","title":{"rendered":"El Esad Suriye halk\u0131 ve ordusunun t\u00fcm bu y\u0131llar i\u00e7inde Suriye\u2019ye dost devletlerle i\u015fbirli\u011fi i\u00e7inde ter\u00f6re kar\u015f\u0131 sa\u011flad\u0131\u011f\u0131 ba\u015far\u0131lar\u0131n Suriye ve halk\u0131na d\u00fc\u015fmanc\u0131 tutumlarla ter\u00f6r\u00fc destekleyen kimi devletleri ciddi \u015fekilde rahats\u0131z etti\u011fine dikkat \u00e7ekti."},"content":{"rendered":"<p>El\u00a0Esad Suriye halk\u0131 ve ordusunun t\u00fcm bu y\u0131llar i\u00e7inde Suriye\u2019ye dost devletlerle i\u015fbirli\u011fi i\u00e7inde ter\u00f6re kar\u015f\u0131 sa\u011flad\u0131\u011f\u0131 ba\u015far\u0131lar\u0131n Suriye ve halk\u0131na d\u00fc\u015fmanc\u0131 tutumlarla ter\u00f6r\u00fc destekleyen kimi devletleri ciddi \u015fekilde rahats\u0131z etti\u011fine dikkat \u00e7ekti.<\/p>\n","protected":false},"excerpt":{"rendered":"<p>El\u00a0Esad Suriye halk\u0131 ve ordusunun t\u00fcm bu y\u0131llar i\u00e7inde Suriye\u2019ye dost devletlerle i\u015fbirli\u011fi i\u00e7inde ter\u00f6re kar\u015f\u0131 sa\u011flad\u0131\u011f\u0131 ba\u015far\u0131lar\u0131n Suriye ve halk\u0131na d\u00fc\u015fmanc\u0131 tutumlarla ter\u00f6r\u00fc destekleyen kimi devletleri ciddi \u015fekilde rahats\u0131z etti\u011fine dikkat \u00e7ekti.<\/p>\n","protected":false},"author":1,"featured_media":0,"comment_status":"closed","ping_status":"closed","sticky":false,"template":"","format":"standard","meta":{"footnotes":""},"categories":[1],"tags":[],"class_list":["post-53854","post","type-post","status-publish","format-standard","","category-news-not-sorted"],"_links":{"self":[{"href":"https:\/\/archive.sana.sy\/tr\/index.php?rest_route=\/wp\/v2\/posts\/53854","targetHints":{"allow":["GET"]}}],"collection":[{"href":"https:\/\/archive.sana.sy\/tr\/index.php?rest_route=\/wp\/v2\/posts"}],"about":[{"href":"https:\/\/archive.sana.sy\/tr\/index.php?rest_route=\/wp\/v2\/types\/post"}],"author":[{"embeddable":true,"href":"https:\/\/archive.sana.sy\/tr\/index.php?rest_route=\/wp\/v2\/users\/1"}],"replies":[{"embeddable":true,"href":"https:\/\/archive.sana.sy\/tr\/index.php?rest_route=%2Fwp%2Fv2%2Fcomments&post=53854"}],"version-history":[{"count":0,"href":"https:\/\/archive.sana.sy\/tr\/index.php?rest_route=\/wp\/v2\/posts\/53854\/revisions"}],"wp:attachment":[{"href":"https:\/\/archive.sana.sy\/tr\/index.php?rest_route=%2Fwp%2Fv2%2Fmedia&parent=53854"}],"wp:term":[{"taxonomy":"category","embeddable":true,"href":"https:\/\/archive.sana.sy\/tr\/index.php?rest_route=%2Fwp%2Fv2%2Fcategories&post=53854"},{"taxonomy":"post_tag","embeddable":true,"href":"https:\/\/archive.sana.sy\/tr\/index.php?rest_route=%2Fwp%2Fv2%2Ftags&post=53854"}],"curies":[{"name":"wp","href":"https:\/\/api.w.org\/{rel}","templated":true}]}}