{"id":53855,"date":"2015-11-29T14:20:31","date_gmt":"2015-11-29T12:20:31","guid":{"rendered":"http:\/\/www.sana.sy\/tr\/?p=53855"},"modified":"2015-11-29T16:39:39","modified_gmt":"2015-11-29T14:39:39","slug":"el-esad-bu-terorle-mucadele-ettiklerini-iddia-eden-bu-devletlerin-rahatsizliklarini-teroristlere-desteklerini-tirmandirmakla-ifade-ettiklerini-teror-cetelere-silah-ve-finanslarini-arttirdiklarini-bel","status":"publish","type":"post","link":"https:\/\/archive.sana.sy\/tr\/?p=53855","title":{"rendered":"El Esad bu ter\u00f6rle m\u00fccadele ettiklerini iddia eden bu devletlerin rahats\u0131zl\u0131klar\u0131n\u0131 ter\u00f6ristlere desteklerini t\u0131rmand\u0131rmakla ifade ettiklerini, ter\u00f6r \u00e7etelere silah ve finanslar\u0131n\u0131 artt\u0131rd\u0131klar\u0131n\u0131 belirtti."},"content":{"rendered":"<p>El Esad bu ter\u00f6rle m\u00fccadele ettiklerini iddia eden bu devletlerin rahats\u0131zl\u0131klar\u0131n\u0131 ter\u00f6ristlere desteklerini t\u0131rmand\u0131rmakla ifade ettiklerini, ter\u00f6r \u00e7etelere silah ve finanslar\u0131n\u0131 artt\u0131rd\u0131klar\u0131n\u0131 belirtti.<\/p>\n","protected":false},"excerpt":{"rendered":"<p>El Esad bu ter\u00f6rle m\u00fccadele ettiklerini iddia eden bu devletlerin rahats\u0131zl\u0131klar\u0131n\u0131 ter\u00f6ristlere desteklerini t\u0131rmand\u0131rmakla ifade ettiklerini, ter\u00f6r \u00e7etelere silah ve finanslar\u0131n\u0131 artt\u0131rd\u0131klar\u0131n\u0131 belirtti.<\/p>\n","protected":false},"author":1,"featured_media":0,"comment_status":"closed","ping_status":"closed","sticky":false,"template":"","format":"standard","meta":{"footnotes":""},"categories":[1],"tags":[],"class_list":["post-53855","post","type-post","status-publish","format-standard","","category-news-not-sorted"],"_links":{"self":[{"href":"https:\/\/archive.sana.sy\/tr\/index.php?rest_route=\/wp\/v2\/posts\/53855","targetHints":{"allow":["GET"]}}],"collection":[{"href":"https:\/\/archive.sana.sy\/tr\/index.php?rest_route=\/wp\/v2\/posts"}],"about":[{"href":"https:\/\/archive.sana.sy\/tr\/index.php?rest_route=\/wp\/v2\/types\/post"}],"author":[{"embeddable":true,"href":"https:\/\/archive.sana.sy\/tr\/index.php?rest_route=\/wp\/v2\/users\/1"}],"replies":[{"embeddable":true,"href":"https:\/\/archive.sana.sy\/tr\/index.php?rest_route=%2Fwp%2Fv2%2Fcomments&post=53855"}],"version-history":[{"count":0,"href":"https:\/\/archive.sana.sy\/tr\/index.php?rest_route=\/wp\/v2\/posts\/53855\/revisions"}],"wp:attachment":[{"href":"https:\/\/archive.sana.sy\/tr\/index.php?rest_route=%2Fwp%2Fv2%2Fmedia&parent=53855"}],"wp:term":[{"taxonomy":"category","embeddable":true,"href":"https:\/\/archive.sana.sy\/tr\/index.php?rest_route=%2Fwp%2Fv2%2Fcategories&post=53855"},{"taxonomy":"post_tag","embeddable":true,"href":"https:\/\/archive.sana.sy\/tr\/index.php?rest_route=%2Fwp%2Fv2%2Ftags&post=53855"}],"curies":[{"name":"wp","href":"https:\/\/api.w.org\/{rel}","templated":true}]}}