{"id":53858,"date":"2015-11-29T14:39:42","date_gmt":"2015-11-29T12:39:42","guid":{"rendered":"http:\/\/www.sana.sy\/tr\/?p=53858"},"modified":"2015-11-29T16:40:25","modified_gmt":"2015-11-29T14:40:25","slug":"el-esad-suriyenin-dostlariyla-birlikte-tum-sekilleriyle-terore-karsi-mucadelesini-surdurme-kararliliginda-olduklarini-belirtti-cunku-bolge-ve-dunyada-guvenlik-istikrari-saglamak-icin-bu-ter","status":"publish","type":"post","link":"https:\/\/archive.sana.sy\/tr\/?p=53858","title":{"rendered":"El Esad; Suriye\u2019nin dostlar\u0131yla birlikte t\u00fcm \u015fekilleriyle ter\u00f6re kar\u015f\u0131 m\u00fccadelesini s\u00fcrd\u00fcrme kararl\u0131l\u0131\u011f\u0131nda olduklar\u0131n\u0131 belirtti. \u00c7\u00fcnk\u00fc b\u00f6lge ve d\u00fcnyada g\u00fcvenlik istikrar\u0131 sa\u011flamak i\u00e7in bu ter\u00f6r\u00fcn bertaraf edilmesinin ka\u00e7\u0131n\u0131lmaz bir gereklilik oldu\u011funa inand\u0131klar\u0131n\u0131 ifade eden el Esad; ayn\u0131 zamanda Suriyelilerin anla\u015facaklar\u0131 herhangi bir siyasi s\u00fcrecin ana giri\u015fini de te\u015fkil edece\u011fine dikkat \u00e7ekti."},"content":{"rendered":"<p>El Esad; Suriye\u2019nin dostlar\u0131yla birlikte t\u00fcm \u015fekilleriyle ter\u00f6re kar\u015f\u0131 m\u00fccadelesini s\u00fcrd\u00fcrme kararl\u0131l\u0131\u011f\u0131nda olduklar\u0131n\u0131 belirtti. \u00c7\u00fcnk\u00fc b\u00f6lge ve d\u00fcnyada g\u00fcvenlik istikrar\u0131 sa\u011flamak i\u00e7in bu ter\u00f6r\u00fcn bertaraf edilmesinin ka\u00e7\u0131n\u0131lmaz bir gereklilik oldu\u011funa inand\u0131klar\u0131n\u0131 ifade eden el Esad; ayn\u0131 zamanda Suriyelilerin anla\u015facaklar\u0131 herhangi bir siyasi s\u00fcrecin ana giri\u015fini de te\u015fkil edece\u011fine dikkat \u00e7ekti.<\/p>\n","protected":false},"excerpt":{"rendered":"<p>El Esad; Suriye\u2019nin dostlar\u0131yla birlikte t\u00fcm \u015fekilleriyle ter\u00f6re kar\u015f\u0131 m\u00fccadelesini s\u00fcrd\u00fcrme kararl\u0131l\u0131\u011f\u0131nda olduklar\u0131n\u0131 belirtti. \u00c7\u00fcnk\u00fc b\u00f6lge ve d\u00fcnyada g\u00fcvenlik istikrar\u0131 sa\u011flamak i\u00e7in bu ter\u00f6r\u00fcn bertaraf edilmesinin ka\u00e7\u0131n\u0131lmaz bir gereklilik oldu\u011funa inand\u0131klar\u0131n\u0131 ifade eden el Esad; ayn\u0131 zamanda Suriyelilerin anla\u015facaklar\u0131 herhangi bir siyasi s\u00fcrecin ana giri\u015fini de te\u015fkil edece\u011fine dikkat \u00e7ekti.<\/p>\n","protected":false},"author":1,"featured_media":0,"comment_status":"closed","ping_status":"closed","sticky":false,"template":"","format":"standard","meta":{"footnotes":""},"categories":[1],"tags":[],"class_list":["post-53858","post","type-post","status-publish","format-standard","","category-news-not-sorted"],"_links":{"self":[{"href":"https:\/\/archive.sana.sy\/tr\/index.php?rest_route=\/wp\/v2\/posts\/53858","targetHints":{"allow":["GET"]}}],"collection":[{"href":"https:\/\/archive.sana.sy\/tr\/index.php?rest_route=\/wp\/v2\/posts"}],"about":[{"href":"https:\/\/archive.sana.sy\/tr\/index.php?rest_route=\/wp\/v2\/types\/post"}],"author":[{"embeddable":true,"href":"https:\/\/archive.sana.sy\/tr\/index.php?rest_route=\/wp\/v2\/users\/1"}],"replies":[{"embeddable":true,"href":"https:\/\/archive.sana.sy\/tr\/index.php?rest_route=%2Fwp%2Fv2%2Fcomments&post=53858"}],"version-history":[{"count":0,"href":"https:\/\/archive.sana.sy\/tr\/index.php?rest_route=\/wp\/v2\/posts\/53858\/revisions"}],"wp:attachment":[{"href":"https:\/\/archive.sana.sy\/tr\/index.php?rest_route=%2Fwp%2Fv2%2Fmedia&parent=53858"}],"wp:term":[{"taxonomy":"category","embeddable":true,"href":"https:\/\/archive.sana.sy\/tr\/index.php?rest_route=%2Fwp%2Fv2%2Fcategories&post=53858"},{"taxonomy":"post_tag","embeddable":true,"href":"https:\/\/archive.sana.sy\/tr\/index.php?rest_route=%2Fwp%2Fv2%2Ftags&post=53858"}],"curies":[{"name":"wp","href":"https:\/\/api.w.org\/{rel}","templated":true}]}}