{"id":53869,"date":"2015-11-30T09:00:32","date_gmt":"2015-11-30T07:00:32","guid":{"rendered":"http:\/\/www.sana.sy\/tr\/?p=53869"},"modified":"2015-11-30T09:17:10","modified_gmt":"2015-11-30T07:17:10","slug":"avrupa-birligi-suriyede-istikrar-saglanmasi-ab-turkiye-gorusmelerinin-temel-bir-parcasidir","status":"publish","type":"post","link":"https:\/\/archive.sana.sy\/tr\/?p=53869","title":{"rendered":"Avrupa Birli\u011fi: Suriye\u2019de \u0130stikrar Sa\u011flanmas\u0131 AB-T\u00fcrkiye G\u00f6r\u00fc\u015fmelerinin Temel Bir Par\u00e7as\u0131d\u0131r"},"content":{"rendered":"<p>MOSKOVA \u2013 Avrupa Birli\u011finin D\u0131\u015f \u0130li\u015fkiler ve G\u00fcvenlik Komiseri Federica Mogherini, Rusya D\u0131\u015fi\u015fleri Bakan\u0131 Sergey Lavrov ile Rusya ile T\u00fcrkiye aras\u0131nda meydana gelen krizin ayr\u0131nt\u0131lar\u0131n\u0131 ve Suriye krizine \u00e7\u00f6z\u00fcm bulma \u00e7abalar\u0131na yans\u0131malar\u0131n\u0131 inceleyece\u011fini a\u00e7\u0131klad\u0131.<\/p>\n<p>D\u00fcn Br\u00fcksel\u2019de d\u00fczenlenen AB-T\u00fcrkiye zirvesi kapsam\u0131nda gazetecilere bir a\u00e7\u0131klama yapan Mogherini; Rusya ve T\u00fcrkiye aras\u0131nda meydana gelen kriz nedeniyle Suriye krizinin \u00e7\u00f6z\u00fcm\u00fc ile ilgili \u00f6zel g\u00f6r\u00fc\u015fmelerin aksamas\u0131n\u0131n b\u00fcy\u00fck bir hata te\u015fkil etti\u011fini dile getirdi.<\/p>\n<p>Mogherini; Suriye\u2019de istikrar sa\u011flanmas\u0131n\u0131n AB\u2019nin T\u00fcrkiye ile g\u00f6r\u00fc\u015fmelerin temel bir par\u00e7as\u0131n\u0131 te\u015fkil etti\u011fine dikkat \u00e7ekerek Recep Tayyip Erdo\u011fan Rejimine, bas\u0131n \u00f6zg\u00fcrl\u00fc\u011f\u00fc ve demokrasi ile ilgili vaatlerini ger\u00e7ekle\u015ftirme \u00e7a\u011fr\u0131s\u0131nda bulundu.<\/p>\n<p>Bilinece\u011fi \u00fczere T\u00fcrkiye\u2019de Recep Tayyip Erdo\u011fan rejiminin Suriye\u2019de bulunan ter\u00f6ristlere silah g\u00f6nderdi\u011fini ortaya \u00e7\u0131karan iki gazeteci ge\u00e7ti\u011fimiz hafta tutuklanm\u0131\u015ft\u0131.<\/p>\n<p>R.H.<\/p>\n","protected":false},"excerpt":{"rendered":"<p>MOSKOVA \u2013 Avrupa Birli\u011finin D\u0131\u015f \u0130li\u015fkiler ve G\u00fcvenlik Komiseri Federica Mogherini, Rusya D\u0131\u015fi\u015fleri Bakan\u0131 Sergey Lavrov ile Rusya ile T\u00fcrkiye aras\u0131nda meydana gelen krizin ayr\u0131nt\u0131lar\u0131n\u0131 ve Suriye krizine \u00e7\u00f6z\u00fcm bulma \u00e7abalar\u0131na yans\u0131malar\u0131n\u0131 inceleyece\u011fini a\u00e7\u0131klad\u0131. D\u00fcn Br\u00fcksel\u2019de d\u00fczenlenen AB-T\u00fcrkiye zirvesi kapsam\u0131nda gazetecilere bir a\u00e7\u0131klama yapan Mogherini; Rusya ve T\u00fcrkiye aras\u0131nda meydana gelen kriz nedeniyle Suriye krizinin &hellip;<\/p>\n","protected":false},"author":1,"featured_media":53870,"comment_status":"closed","ping_status":"closed","sticky":false,"template":"","format":"standard","meta":{"footnotes":""},"categories":[458,459,447,2554,2555],"tags":[17898],"class_list":["post-53869","post","type-post","status-publish","format-standard","has-post-thumbnail","","category-dunya1","category-haberler-arap-uluslararasi-politika","category-politika","category-suriye-ve-dunya","category-suriye-ve-turkiye","tag-avrupa-birligi-suriyede-istikrar-saglanmasi-ab-turkiye-gorusmelerinin-temel-bir-parcasidir"],"_links":{"self":[{"href":"https:\/\/archive.sana.sy\/tr\/index.php?rest_route=\/wp\/v2\/posts\/53869","targetHints":{"allow":["GET"]}}],"collection":[{"href":"https:\/\/archive.sana.sy\/tr\/index.php?rest_route=\/wp\/v2\/posts"}],"about":[{"href":"https:\/\/archive.sana.sy\/tr\/index.php?rest_route=\/wp\/v2\/types\/post"}],"author":[{"embeddable":true,"href":"https:\/\/archive.sana.sy\/tr\/index.php?rest_route=\/wp\/v2\/users\/1"}],"replies":[{"embeddable":true,"href":"https:\/\/archive.sana.sy\/tr\/index.php?rest_route=%2Fwp%2Fv2%2Fcomments&post=53869"}],"version-history":[{"count":0,"href":"https:\/\/archive.sana.sy\/tr\/index.php?rest_route=\/wp\/v2\/posts\/53869\/revisions"}],"wp:featuredmedia":[{"embeddable":true,"href":"https:\/\/archive.sana.sy\/tr\/index.php?rest_route=\/wp\/v2\/media\/53870"}],"wp:attachment":[{"href":"https:\/\/archive.sana.sy\/tr\/index.php?rest_route=%2Fwp%2Fv2%2Fmedia&parent=53869"}],"wp:term":[{"taxonomy":"category","embeddable":true,"href":"https:\/\/archive.sana.sy\/tr\/index.php?rest_route=%2Fwp%2Fv2%2Fcategories&post=53869"},{"taxonomy":"post_tag","embeddable":true,"href":"https:\/\/archive.sana.sy\/tr\/index.php?rest_route=%2Fwp%2Fv2%2Ftags&post=53869"}],"curies":[{"name":"wp","href":"https:\/\/api.w.org\/{rel}","templated":true}]}}