{"id":53880,"date":"2015-11-30T12:07:58","date_gmt":"2015-11-30T10:07:58","guid":{"rendered":"http:\/\/www.sana.sy\/tr\/?p=53880"},"modified":"2015-11-30T13:38:09","modified_gmt":"2015-11-30T11:38:09","slug":"rusya-baskanlik-sarayi-kremlin-baskan-vladimir-putinin-paris-iklim-zirvesi-calismalari-kapsaminda-turkiyedeki-rejim-baskani-erdogan-ile-gorusmeyi-kabul-etmedigini-belirtti","status":"publish","type":"post","link":"https:\/\/archive.sana.sy\/tr\/?p=53880","title":{"rendered":"Rusya Ba\u015fkanl\u0131k Saray\u0131 Kremlin Ba\u015fkan Vladimir Putin\u2019in Paris \u0130klim Zirvesi \u00e7al\u0131\u015fmalar\u0131 kapsam\u0131nda T\u00fcrkiye&#8217;deki rejim ba\u015fkan\u0131 Erdo\u011fan ile g\u00f6r\u00fc\u015fmeyi kabul etmedi\u011fini belirtti."},"content":{"rendered":"<p>Rusya Ba\u015fkanl\u0131k Saray\u0131 Kremlin Ba\u015fkan Vladimir Putin\u2019in Paris \u0130klim Zirvesi \u00e7al\u0131\u015fmalar\u0131 kapsam\u0131nda T\u00fcrkiye&#8217;deki rejim ba\u015fkan\u0131 Erdo\u011fan ile g\u00f6r\u00fc\u015fmeyi kabul etmedi\u011fini belirtti.<\/p>\n","protected":false},"excerpt":{"rendered":"<p>Rusya Ba\u015fkanl\u0131k Saray\u0131 Kremlin Ba\u015fkan Vladimir Putin\u2019in Paris \u0130klim Zirvesi \u00e7al\u0131\u015fmalar\u0131 kapsam\u0131nda T\u00fcrkiye&#8217;deki rejim ba\u015fkan\u0131 Erdo\u011fan ile g\u00f6r\u00fc\u015fmeyi kabul etmedi\u011fini belirtti.<\/p>\n","protected":false},"author":1,"featured_media":0,"comment_status":"closed","ping_status":"closed","sticky":false,"template":"","format":"standard","meta":{"footnotes":""},"categories":[1],"tags":[],"class_list":["post-53880","post","type-post","status-publish","format-standard","","category-news-not-sorted"],"_links":{"self":[{"href":"https:\/\/archive.sana.sy\/tr\/index.php?rest_route=\/wp\/v2\/posts\/53880","targetHints":{"allow":["GET"]}}],"collection":[{"href":"https:\/\/archive.sana.sy\/tr\/index.php?rest_route=\/wp\/v2\/posts"}],"about":[{"href":"https:\/\/archive.sana.sy\/tr\/index.php?rest_route=\/wp\/v2\/types\/post"}],"author":[{"embeddable":true,"href":"https:\/\/archive.sana.sy\/tr\/index.php?rest_route=\/wp\/v2\/users\/1"}],"replies":[{"embeddable":true,"href":"https:\/\/archive.sana.sy\/tr\/index.php?rest_route=%2Fwp%2Fv2%2Fcomments&post=53880"}],"version-history":[{"count":0,"href":"https:\/\/archive.sana.sy\/tr\/index.php?rest_route=\/wp\/v2\/posts\/53880\/revisions"}],"wp:attachment":[{"href":"https:\/\/archive.sana.sy\/tr\/index.php?rest_route=%2Fwp%2Fv2%2Fmedia&parent=53880"}],"wp:term":[{"taxonomy":"category","embeddable":true,"href":"https:\/\/archive.sana.sy\/tr\/index.php?rest_route=%2Fwp%2Fv2%2Fcategories&post=53880"},{"taxonomy":"post_tag","embeddable":true,"href":"https:\/\/archive.sana.sy\/tr\/index.php?rest_route=%2Fwp%2Fv2%2Ftags&post=53880"}],"curies":[{"name":"wp","href":"https:\/\/api.w.org\/{rel}","templated":true}]}}