{"id":53892,"date":"2015-11-30T14:26:01","date_gmt":"2015-11-30T12:26:01","guid":{"rendered":"http:\/\/www.sana.sy\/tr\/?p=53892"},"modified":"2015-11-30T14:26:46","modified_gmt":"2015-11-30T12:26:46","slug":"halk-egemenligini-ve-mesru-secenegini-savunma-kararliligindadir","status":"publish","type":"post","link":"https:\/\/archive.sana.sy\/tr\/?p=53892","title":{"rendered":"Halk Egemenli\u011fini ve Me\u015fru Se\u00e7ene\u011fini Savunma Kararl\u0131l\u0131\u011f\u0131ndad\u0131r"},"content":{"rendered":"<p>\u015eAM \u2013 Adalet Bakan\u0131 Necm Hamad el Ahmet Suriye&#8217;de ya\u015fananlar\u0131n d\u0131\u015f g\u00fc\u00e7lerin finans ve deste\u011finde uluslar aras\u0131 organizeli ter\u00f6rden ibaret oldu\u011funu belirtti.<\/p>\n<p>Bel\u00e7ika Ulusal Demokrat Partisinin kurucusu ve ba\u015fkan\u0131 Marco Santi ile g\u00f6r\u00fc\u015fmesinde Bakan Ahmet; be\u015f y\u0131la yak\u0131n s\u00fcredir onur verici bir m\u00fccadele veren Suriye halk\u0131n\u0131n, kimsenin Suriye topraklar\u0131na sald\u0131rmas\u0131na, ulusal egemenli\u011fine ve i\u00e7i\u015flerine m\u00fcdahale etmesine izin vermeyece\u011fini, kendi \u00fclkesinin gelece\u011fi ve kaderini kendi elleriyle belirleme kararl\u0131l\u0131\u011f\u0131nda oldu\u011funun alt\u0131n\u0131 \u00e7izdi.<\/p>\n<p><a href=\"http:\/\/www.sana.sy\/tr\/wp-content\/uploads\/2015\/11\/0130.jpg\"><img loading=\"lazy\" decoding=\"async\" class=\"alignright wp-image-53895 size-medium\" src=\"http:\/\/www.sana.sy\/tr\/wp-content\/uploads\/2015\/11\/0130-300x150.jpg\" alt=\"0\" width=\"300\" height=\"150\" srcset=\"https:\/\/archive.sana.sy\/tr\/wp-content\/uploads\/2015\/11\/0130-300x150.jpg 300w, https:\/\/archive.sana.sy\/tr\/wp-content\/uploads\/2015\/11\/0130-150x75.jpg 150w, https:\/\/archive.sana.sy\/tr\/wp-content\/uploads\/2015\/11\/0130.jpg 660w\" sizes=\"auto, (max-width: 300px) 100vw, 300px\" \/><\/a>Ahmet Santi ile g\u00f6r\u00fc\u015fmesinin Bat\u0131l\u0131 devletlerde etkin siyasi ve sosyal faaliyetlerle temaslar\u0131 peki\u015ftirip Suriye&#8217;de ya\u015fananlar\u0131n ger\u00e7e\u011fine \u0131\u015f\u0131k tutmak oldu\u011funu ifade etti.<\/p>\n<p>Suriye&#8217;de ter\u00f6r\u00fc destekleyen bir k\u0131s\u0131m devletlerin ektiklerini bi\u00e7meye ba\u015flad\u0131klar\u0131na i\u015faret eden Adalet Bakan\u0131 Ahmet; bir s\u00fcre \u00f6nce Paris\u2019te meydana gelen ter\u00f6r sald\u0131r\u0131lar\u0131n\u0131 k\u0131nad\u0131. Ahmet Suriye halk\u0131n\u0131n Fransa h\u00fck\u00fcmetinin destekledi\u011fi ter\u00f6re kar\u015f\u0131 Fransa halk\u0131yla dayan\u0131\u015fma i\u00e7inde oldu\u011funu s\u00f6yledi.<\/p>\n<p>Bel\u00e7ikal\u0131 konuk Santi ise g\u00f6r\u00fc\u015fmede Suriye&#8217;de ya\u015fananlar\u0131 yak\u0131ndan takip etti\u011fini ve maruz kald\u0131\u011f\u0131 sava\u015f\u0131n ger\u00e7e\u011fine \u0131\u015f\u0131k tutmaya \u00e7al\u0131\u015ft\u0131\u011f\u0131n\u0131 s\u00f6yledi. Santi Suriye&#8217;de ter\u00f6r\u00fc destekleyen Avrupal\u0131 kimi h\u00fck\u00fcmetlere kar\u015f\u0131 bir kamuoyu olu\u015fturma \u00e7abas\u0131nda oldu\u011funu belirtti.<\/p>\n","protected":false},"excerpt":{"rendered":"<p>\u015eAM \u2013 Adalet Bakan\u0131 Necm Hamad el Ahmet Suriye&#8217;de ya\u015fananlar\u0131n d\u0131\u015f g\u00fc\u00e7lerin finans ve deste\u011finde uluslar aras\u0131 organizeli ter\u00f6rden ibaret oldu\u011funu belirtti. Bel\u00e7ika Ulusal Demokrat Partisinin kurucusu ve ba\u015fkan\u0131 Marco Santi ile g\u00f6r\u00fc\u015fmesinde Bakan Ahmet; be\u015f y\u0131la yak\u0131n s\u00fcredir onur verici bir m\u00fccadele veren Suriye halk\u0131n\u0131n, kimsenin Suriye topraklar\u0131na sald\u0131rmas\u0131na, ulusal egemenli\u011fine ve i\u00e7i\u015flerine m\u00fcdahale &hellip;<\/p>\n","protected":false},"author":1,"featured_media":53893,"comment_status":"closed","ping_status":"closed","sticky":false,"template":"","format":"standard","meta":{"footnotes":""},"categories":[479,447,478],"tags":[],"class_list":["post-53892","post","type-post","status-publish","format-standard","has-post-thumbnail","","category-haberler-yerel","category-politika","category-yerel"],"_links":{"self":[{"href":"https:\/\/archive.sana.sy\/tr\/index.php?rest_route=\/wp\/v2\/posts\/53892","targetHints":{"allow":["GET"]}}],"collection":[{"href":"https:\/\/archive.sana.sy\/tr\/index.php?rest_route=\/wp\/v2\/posts"}],"about":[{"href":"https:\/\/archive.sana.sy\/tr\/index.php?rest_route=\/wp\/v2\/types\/post"}],"author":[{"embeddable":true,"href":"https:\/\/archive.sana.sy\/tr\/index.php?rest_route=\/wp\/v2\/users\/1"}],"replies":[{"embeddable":true,"href":"https:\/\/archive.sana.sy\/tr\/index.php?rest_route=%2Fwp%2Fv2%2Fcomments&post=53892"}],"version-history":[{"count":0,"href":"https:\/\/archive.sana.sy\/tr\/index.php?rest_route=\/wp\/v2\/posts\/53892\/revisions"}],"wp:featuredmedia":[{"embeddable":true,"href":"https:\/\/archive.sana.sy\/tr\/index.php?rest_route=\/wp\/v2\/media\/53893"}],"wp:attachment":[{"href":"https:\/\/archive.sana.sy\/tr\/index.php?rest_route=%2Fwp%2Fv2%2Fmedia&parent=53892"}],"wp:term":[{"taxonomy":"category","embeddable":true,"href":"https:\/\/archive.sana.sy\/tr\/index.php?rest_route=%2Fwp%2Fv2%2Fcategories&post=53892"},{"taxonomy":"post_tag","embeddable":true,"href":"https:\/\/archive.sana.sy\/tr\/index.php?rest_route=%2Fwp%2Fv2%2Ftags&post=53892"}],"curies":[{"name":"wp","href":"https:\/\/api.w.org\/{rel}","templated":true}]}}