{"id":53897,"date":"2015-11-30T15:23:28","date_gmt":"2015-11-30T13:23:28","guid":{"rendered":"http:\/\/www.sana.sy\/tr\/?p=53897"},"modified":"2015-11-30T15:40:56","modified_gmt":"2015-11-30T13:40:56","slug":"3-cevresel-arastirmalar-konferansi-basladi","status":"publish","type":"post","link":"https:\/\/archive.sana.sy\/tr\/?p=53897","title":{"rendered":"3. \u00c7evresel Ara\u015ft\u0131rmalar Konferans\u0131 Ba\u015flad\u0131"},"content":{"rendered":"<p>\u015eAM \u2013 \u00c7evre \u0130\u015flerinden Sorumlu Devlet Bakanl\u0131\u011f\u0131n\u0131n \u2018\u00c7evresel Meydan Okumalar ve \u00c7\u00f6z\u00fcm Yollar\u0131\u2019 slogan\u0131 alt\u0131nda organize etti\u011fi 3. \u00c7evresel Ara\u015ft\u0131rmalar Konferans\u0131 bug\u00fcn \u015eam \u00dcniversitesi Konferans Salonunda \u00e7al\u0131\u015fmalar\u0131na ba\u015flad\u0131.<\/p>\n<p><a href=\"http:\/\/www.sana.sy\/tr\/wp-content\/uploads\/2015\/11\/1130.jpg\"><img loading=\"lazy\" decoding=\"async\" class=\"alignright wp-image-53899 size-medium\" src=\"http:\/\/www.sana.sy\/tr\/wp-content\/uploads\/2015\/11\/1130-300x187.jpg\" alt=\"1\" width=\"300\" height=\"187\" srcset=\"https:\/\/archive.sana.sy\/tr\/wp-content\/uploads\/2015\/11\/1130-300x187.jpg 300w, https:\/\/archive.sana.sy\/tr\/wp-content\/uploads\/2015\/11\/1130-150x94.jpg 150w, https:\/\/archive.sana.sy\/tr\/wp-content\/uploads\/2015\/11\/1130-1024x638.jpg 1024w\" sizes=\"auto, (max-width: 300px) 100vw, 300px\" \/><\/a>Konferans\u0131n a\u00e7\u0131l\u0131\u015f oturumunda konu\u015fan \u00c7evre \u0130\u015flerinden Sorumlu Devlet Bakan\u0131 Nazire Serkis; konferansta \u00e7evresel sorunlar\u0131n \u00e7\u00f6z\u00fcm\u00fcne ili\u015fkin son bilimsel ara\u015ft\u0131rmalar \u00fczerine odaklanaca\u011f\u0131n\u0131 belirtti. Serkis bu ba\u011flamda hayata ge\u00e7irilmesi m\u00fcmk\u00fcn olan ve ekonomik fizibilitesi uygun olan ara\u015ft\u0131rmalar\u0131n dikkate al\u0131naca\u011f\u0131n\u0131 a\u00e7\u0131klad\u0131.<\/p>\n<p>Bakan Serkis iklim de\u011fi\u015fikli\u011finin yan\u0131 s\u0131ra h\u0131zl\u0131 b\u00fcy\u00fcyen n\u00fcfus yo\u011funlu\u011fu ve ekonomik kalk\u0131nma g\u00f6lgesinde \u00e7evre sorunlar\u0131n\u0131n artt\u0131\u011f\u0131na dikkat \u00e7ekerken, Suriye&#8217;nin tan\u0131k oldu\u011fu evrensel ter\u00f6r ve uygulanan yapt\u0131r\u0131mlar\u0131n da hava, su ve deniz kirlili\u011fine yol a\u00e7t\u0131\u011f\u0131na vurgu yapt\u0131.<br \/>\n<img loading=\"lazy\" decoding=\"async\" class=\"alignright wp-image-53901 size-medium\" src=\"http:\/\/www.sana.sy\/tr\/wp-content\/uploads\/2015\/11\/342-300x200.jpg\" alt=\"3\" width=\"300\" height=\"200\" srcset=\"https:\/\/archive.sana.sy\/tr\/wp-content\/uploads\/2015\/11\/342-300x200.jpg 300w, https:\/\/archive.sana.sy\/tr\/wp-content\/uploads\/2015\/11\/342-150x100.jpg 150w, https:\/\/archive.sana.sy\/tr\/wp-content\/uploads\/2015\/11\/342-1024x681.jpg 1024w\" sizes=\"auto, (max-width: 300px) 100vw, 300px\" \/>Suriye&#8217;nin temiz ve sa\u011fl\u0131kl\u0131 bir \u00e7evre i\u00e7in uluslar aras\u0131 anla\u015fmalara kat\u0131lan ilk devletlerden biri oldu\u011funa i\u015faret eden Serkis; kriz \u00f6ncesinde bu ba\u011flamda kayda de\u011fer \u00e7al\u0131\u015fmalar\u0131n yap\u0131ld\u0131\u011f\u0131n\u0131 belirtti. Serkis fakat kriz s\u00fcresince \u00f6zlerinde ayn\u0131 adlar\u0131nda farkl\u0131 olan ter\u00f6r \u00f6rg\u00fctlerin ormanlara, tar\u0131m arazilerine, nehirlere ve genel olarak t\u00fcm \u00e7evreye verdikleri hasar\u0131n ciddiyetine vurgu yapt\u0131.<\/p>\n<p>Bakanl\u0131\u011f\u0131n ilgili kurumlarla i\u015fbirli\u011fi i\u00e7inde geni\u015f kapsaml\u0131 \u00e7evresel planlar haz\u0131rlad\u0131\u011f\u0131n\u0131 a\u00e7\u0131klayan Serkis; bu planlar\u0131n hayata ge\u00e7irilmesi i\u00e7in konferansta \u00f6neri ve d\u00fc\u015f\u00fcncelerin tart\u0131\u015f\u0131laca\u011f\u0131n\u0131, yeni ara\u015ft\u0131rma ve \u00e7al\u0131\u015fmalar\u0131n g\u00f6zden ge\u00e7irilece\u011fini ifade etti.<\/p>\n<p>\u015eam \u00dc<img loading=\"lazy\" decoding=\"async\" class=\"alignright wp-image-53900 size-medium\" src=\"http:\/\/www.sana.sy\/tr\/wp-content\/uploads\/2015\/11\/264-300x186.jpg\" alt=\"2\" width=\"300\" height=\"186\" srcset=\"https:\/\/archive.sana.sy\/tr\/wp-content\/uploads\/2015\/11\/264-300x186.jpg 300w, https:\/\/archive.sana.sy\/tr\/wp-content\/uploads\/2015\/11\/264-150x93.jpg 150w, https:\/\/archive.sana.sy\/tr\/wp-content\/uploads\/2015\/11\/264-1024x634.jpg 1024w\" sizes=\"auto, (max-width: 300px) 100vw, 300px\" \/>niversitesi Rekt\u00f6r\u00fc Muhammed Hassan el K\u00fcrdi ise konu\u015fmas\u0131nda; d\u00fcnyan\u0131n \u00e7evresel sorunlara verdi\u011fi \u00f6neme i\u015faret ederken, \u015eam \u00dcniversitesinin Suriye&#8217;de \u00e7evresel sorunlar\u0131n \u00e7\u00f6z\u00fcm\u00fcne katk\u0131 sa\u011flama \u00f6zeninde oldu\u011funu belirtti.<\/p>\n<p>A\u00e7\u0131l\u0131\u015f oturumu ard\u0131ndan bas\u0131na a\u00e7\u0131klama yapan Y\u00fcksek \u00d6\u011fretim Bakan\u0131 Muhammed Amir Mardini ise bakanl\u0131k ve ona tabi kurumlar\u0131n \u00e7evresel \u00e7al\u0131\u015fmalarda \u00f6nemli rol oynayabilece\u011fini s\u00f6yledi. Mardini \u00e7evresel \u00e7al\u0131\u015fmalarda bilimsel deneyimi olan ve y\u00fcksek bir performansa sahip gen\u00e7lerin yeti\u015ftirilmesinde bakanl\u0131k ve kurumlar\u0131n\u0131n \u00f6nemine i\u015faret etti.<\/p>\n<p>&nbsp;<\/p>\n","protected":false},"excerpt":{"rendered":"<p>\u015eAM \u2013 \u00c7evre \u0130\u015flerinden Sorumlu Devlet Bakanl\u0131\u011f\u0131n\u0131n \u2018\u00c7evresel Meydan Okumalar ve \u00c7\u00f6z\u00fcm Yollar\u0131\u2019 slogan\u0131 alt\u0131nda organize etti\u011fi 3. \u00c7evresel Ara\u015ft\u0131rmalar Konferans\u0131 bug\u00fcn \u015eam \u00dcniversitesi Konferans Salonunda \u00e7al\u0131\u015fmalar\u0131na ba\u015flad\u0131. Konferans\u0131n a\u00e7\u0131l\u0131\u015f oturumunda konu\u015fan \u00c7evre \u0130\u015flerinden Sorumlu Devlet Bakan\u0131 Nazire Serkis; konferansta \u00e7evresel sorunlar\u0131n \u00e7\u00f6z\u00fcm\u00fcne ili\u015fkin son bilimsel ara\u015ft\u0131rmalar \u00fczerine odaklanaca\u011f\u0131n\u0131 belirtti. Serkis bu ba\u011flamda hayata ge\u00e7irilmesi &hellip;<\/p>\n","protected":false},"author":1,"featured_media":53902,"comment_status":"closed","ping_status":"closed","sticky":false,"template":"","format":"standard","meta":{"footnotes":""},"categories":[479,478],"tags":[17902,17904,17903],"class_list":["post-53897","post","type-post","status-publish","format-standard","has-post-thumbnail","","category-haberler-yerel","category-yerel","tag-3-cevresel-arastirmalar-konferansi-basladi","tag-cevre-islerinden-sorumlu-devlet-bakani-nazire-serkis","tag-cevre-islerinden-sorumlu-devlet-bakanligi"],"_links":{"self":[{"href":"https:\/\/archive.sana.sy\/tr\/index.php?rest_route=\/wp\/v2\/posts\/53897","targetHints":{"allow":["GET"]}}],"collection":[{"href":"https:\/\/archive.sana.sy\/tr\/index.php?rest_route=\/wp\/v2\/posts"}],"about":[{"href":"https:\/\/archive.sana.sy\/tr\/index.php?rest_route=\/wp\/v2\/types\/post"}],"author":[{"embeddable":true,"href":"https:\/\/archive.sana.sy\/tr\/index.php?rest_route=\/wp\/v2\/users\/1"}],"replies":[{"embeddable":true,"href":"https:\/\/archive.sana.sy\/tr\/index.php?rest_route=%2Fwp%2Fv2%2Fcomments&post=53897"}],"version-history":[{"count":0,"href":"https:\/\/archive.sana.sy\/tr\/index.php?rest_route=\/wp\/v2\/posts\/53897\/revisions"}],"wp:featuredmedia":[{"embeddable":true,"href":"https:\/\/archive.sana.sy\/tr\/index.php?rest_route=\/wp\/v2\/media\/53902"}],"wp:attachment":[{"href":"https:\/\/archive.sana.sy\/tr\/index.php?rest_route=%2Fwp%2Fv2%2Fmedia&parent=53897"}],"wp:term":[{"taxonomy":"category","embeddable":true,"href":"https:\/\/archive.sana.sy\/tr\/index.php?rest_route=%2Fwp%2Fv2%2Fcategories&post=53897"},{"taxonomy":"post_tag","embeddable":true,"href":"https:\/\/archive.sana.sy\/tr\/index.php?rest_route=%2Fwp%2Fv2%2Ftags&post=53897"}],"curies":[{"name":"wp","href":"https:\/\/api.w.org\/{rel}","templated":true}]}}