{"id":53906,"date":"2015-11-30T15:41:16","date_gmt":"2015-11-30T13:41:16","guid":{"rendered":"http:\/\/www.sana.sy\/tr\/?p=53906"},"modified":"2015-11-30T15:41:16","modified_gmt":"2015-11-30T13:41:16","slug":"hava-guclerimiz-homs-kirsalinin-um-el-sahric-makali-ve-resm-el-savvana-bolgelerinde-isidin-yuva-ve-araclarini-imha-etti","status":"publish","type":"post","link":"https:\/\/archive.sana.sy\/tr\/?p=53906","title":{"rendered":"Hava g\u00fc\u00e7lerimiz Homs k\u0131rsal\u0131n\u0131n Um el Sahric, Makali ve Resm el Savvana b\u00f6lgelerinde I\u015e\u0130D\u2019in yuva ve ara\u00e7lar\u0131n\u0131 imha etti."},"content":{"rendered":"<p>Hava g\u00fc\u00e7lerimiz Homs k\u0131rsal\u0131n\u0131n Um el Sahric, Makali ve Resm el Savvana b\u00f6lgelerinde I\u015e\u0130D\u2019in yuva ve ara\u00e7lar\u0131n\u0131 imha etti.<\/p>\n","protected":false},"excerpt":{"rendered":"<p>Hava g\u00fc\u00e7lerimiz Homs k\u0131rsal\u0131n\u0131n Um el Sahric, Makali ve Resm el Savvana b\u00f6lgelerinde I\u015e\u0130D\u2019in yuva ve ara\u00e7lar\u0131n\u0131 imha etti.<\/p>\n","protected":false},"author":1,"featured_media":0,"comment_status":"closed","ping_status":"closed","sticky":false,"template":"","format":"standard","meta":{"footnotes":""},"categories":[1],"tags":[],"class_list":["post-53906","post","type-post","status-publish","format-standard","","category-news-not-sorted"],"_links":{"self":[{"href":"https:\/\/archive.sana.sy\/tr\/index.php?rest_route=\/wp\/v2\/posts\/53906","targetHints":{"allow":["GET"]}}],"collection":[{"href":"https:\/\/archive.sana.sy\/tr\/index.php?rest_route=\/wp\/v2\/posts"}],"about":[{"href":"https:\/\/archive.sana.sy\/tr\/index.php?rest_route=\/wp\/v2\/types\/post"}],"author":[{"embeddable":true,"href":"https:\/\/archive.sana.sy\/tr\/index.php?rest_route=\/wp\/v2\/users\/1"}],"replies":[{"embeddable":true,"href":"https:\/\/archive.sana.sy\/tr\/index.php?rest_route=%2Fwp%2Fv2%2Fcomments&post=53906"}],"version-history":[{"count":0,"href":"https:\/\/archive.sana.sy\/tr\/index.php?rest_route=\/wp\/v2\/posts\/53906\/revisions"}],"wp:attachment":[{"href":"https:\/\/archive.sana.sy\/tr\/index.php?rest_route=%2Fwp%2Fv2%2Fmedia&parent=53906"}],"wp:term":[{"taxonomy":"category","embeddable":true,"href":"https:\/\/archive.sana.sy\/tr\/index.php?rest_route=%2Fwp%2Fv2%2Fcategories&post=53906"},{"taxonomy":"post_tag","embeddable":true,"href":"https:\/\/archive.sana.sy\/tr\/index.php?rest_route=%2Fwp%2Fv2%2Ftags&post=53906"}],"curies":[{"name":"wp","href":"https:\/\/api.w.org\/{rel}","templated":true}]}}