{"id":53934,"date":"2015-11-30T16:15:39","date_gmt":"2015-11-30T14:15:39","guid":{"rendered":"http:\/\/www.sana.sy\/tr\/?p=53934"},"modified":"2015-11-30T16:15:39","modified_gmt":"2015-11-30T14:15:39","slug":"suriye-lirasini-iade-etme-kampanyasi-baslatildi","status":"publish","type":"post","link":"https:\/\/archive.sana.sy\/tr\/?p=53934","title":{"rendered":"Suriye Liras\u0131n\u0131 \u0130ade Etme Kampanyas\u0131 Ba\u015flat\u0131ld\u0131"},"content":{"rendered":"<p>\u015eAM \u2013 Suriye Birle\u015fik Arap Emirlikleri \u0130\u015f Adamlar\u0131 Meclisi Ba\u015fkan\u0131 Ammar Kalla ba\u015fka devletlerde bulunan Suriye liras\u0131n\u0131 toplama ve anavatana iade etme kampanyas\u0131 ba\u015flatt\u0131.<\/p>\n<p>Birle\u015fik Arap Emirliklerinin Ayn \u015eehrinde ya\u015fayan Suriyeli gurbet\u00e7i Kalla \u015eam\u2019a bulundu\u011fu ziyaretinde SANA\u2019ya yapt\u0131\u011f\u0131 a\u00e7\u0131klamada; Suriye&#8217;nin g\u00fcn\u00fcm\u00fczde her evlad\u0131n\u0131n \u00e7abas\u0131na ihtiyac\u0131 oldu\u011funu belirtti. Kalla her insan\u0131n bulundu\u011fu konumdan vatan\u0131n maruz kald\u0131\u011f\u0131 evrensel ter\u00f6r ve dayatmalara kar\u015f\u0131 m\u00fccadelesini peki\u015ftirecek katk\u0131larda bulunabilece\u011fine dikkat \u00e7ekti.<\/p>\n<p>Suriye ve halk\u0131n\u0131n ter\u00f6r sald\u0131r\u0131lar\u0131na e\u015f zamanl\u0131 olarak ekonomi ba\u015fta olmak \u00fczere muhtelif y\u00f6nlerden sava\u015fa maruz kald\u0131\u011f\u0131n\u0131 ifade eden Kalla; d\u0131\u015f g\u00fc\u00e7ler ve ta\u015feronlar\u0131 vatan hainlerinin Suriye&#8217;deki zenginliklerin yan\u0131 s\u0131ra Suriye liras\u0131n\u0131 da yurtd\u0131\u015f\u0131na ka\u00e7\u0131rd\u0131klar\u0131n\u0131 s\u00f6yledi.<\/p>\n<p>Suriyeli gurbet\u00e7ilerin ulusal ekonomiye destek ama\u00e7l\u0131 bir dizi \u00e7abalar\u0131 oldu\u011funa dikkat \u00e7eken Kalla; lira de\u011ferini destekleme ve yurtd\u0131\u015f\u0131na ka\u00e7\u0131r\u0131lan Suriye liras\u0131n\u0131n iadesinde gurbet\u00e7ilerin \u00f6nemli bir katk\u0131 sa\u011flayabileceklerini belirtti.<\/p>\n","protected":false},"excerpt":{"rendered":"<p>\u015eAM \u2013 Suriye Birle\u015fik Arap Emirlikleri \u0130\u015f Adamlar\u0131 Meclisi Ba\u015fkan\u0131 Ammar Kalla ba\u015fka devletlerde bulunan Suriye liras\u0131n\u0131 toplama ve anavatana iade etme kampanyas\u0131 ba\u015flatt\u0131. Birle\u015fik Arap Emirliklerinin Ayn \u015eehrinde ya\u015fayan Suriyeli gurbet\u00e7i Kalla \u015eam\u2019a bulundu\u011fu ziyaretinde SANA\u2019ya yapt\u0131\u011f\u0131 a\u00e7\u0131klamada; Suriye&#8217;nin g\u00fcn\u00fcm\u00fczde her evlad\u0131n\u0131n \u00e7abas\u0131na ihtiyac\u0131 oldu\u011funu belirtti. Kalla her insan\u0131n bulundu\u011fu konumdan vatan\u0131n maruz kald\u0131\u011f\u0131 &hellip;<\/p>\n","protected":false},"author":1,"featured_media":53935,"comment_status":"closed","ping_status":"closed","sticky":false,"template":"","format":"standard","meta":{"footnotes":""},"categories":[485,526,486,525],"tags":[17910],"class_list":["post-53934","post","type-post","status-publish","format-standard","has-post-thumbnail","","category-is-ve-sermaye","category-haber-ve-raporlar","category-haberler-is-ve-sermaye","category-toplum","tag-suriye-lirasini-iade-etme-kampanyasi-baslatildi"],"_links":{"self":[{"href":"https:\/\/archive.sana.sy\/tr\/index.php?rest_route=\/wp\/v2\/posts\/53934","targetHints":{"allow":["GET"]}}],"collection":[{"href":"https:\/\/archive.sana.sy\/tr\/index.php?rest_route=\/wp\/v2\/posts"}],"about":[{"href":"https:\/\/archive.sana.sy\/tr\/index.php?rest_route=\/wp\/v2\/types\/post"}],"author":[{"embeddable":true,"href":"https:\/\/archive.sana.sy\/tr\/index.php?rest_route=\/wp\/v2\/users\/1"}],"replies":[{"embeddable":true,"href":"https:\/\/archive.sana.sy\/tr\/index.php?rest_route=%2Fwp%2Fv2%2Fcomments&post=53934"}],"version-history":[{"count":0,"href":"https:\/\/archive.sana.sy\/tr\/index.php?rest_route=\/wp\/v2\/posts\/53934\/revisions"}],"wp:featuredmedia":[{"embeddable":true,"href":"https:\/\/archive.sana.sy\/tr\/index.php?rest_route=\/wp\/v2\/media\/53935"}],"wp:attachment":[{"href":"https:\/\/archive.sana.sy\/tr\/index.php?rest_route=%2Fwp%2Fv2%2Fmedia&parent=53934"}],"wp:term":[{"taxonomy":"category","embeddable":true,"href":"https:\/\/archive.sana.sy\/tr\/index.php?rest_route=%2Fwp%2Fv2%2Fcategories&post=53934"},{"taxonomy":"post_tag","embeddable":true,"href":"https:\/\/archive.sana.sy\/tr\/index.php?rest_route=%2Fwp%2Fv2%2Ftags&post=53934"}],"curies":[{"name":"wp","href":"https:\/\/api.w.org\/{rel}","templated":true}]}}