{"id":53952,"date":"2015-11-30T20:19:06","date_gmt":"2015-11-30T18:19:06","guid":{"rendered":"http:\/\/www.sana.sy\/tr\/?p=53952"},"modified":"2015-12-01T20:54:34","modified_gmt":"2015-12-01T18:54:34","slug":"erdogan-hukumetinin-destegi-ile-sinira-yigiliyorlar","status":"publish","type":"post","link":"https:\/\/archive.sana.sy\/tr\/?p=53952","title":{"rendered":"Erdo\u011fan H\u00fck\u00fcmetinin Deste\u011fi ile S\u0131n\u0131ra Y\u0131\u011f\u0131l\u0131yorlar"},"content":{"rendered":"<p>\u015eAM \u2013 Ordu ve Silahl\u0131 Kuvvetler Genel Komutanl\u0131\u011f\u0131 Suriye ordusunda s\u0131n\u0131r muhaf\u0131zlar\u0131 g\u00fc\u00e7lerinin T\u00fcrkiye&#8217;de rejimin elektrikleri kesmesine e\u015f zamanl\u0131 olarak s\u0131n\u0131r b\u00f6lgelerine ter\u00f6rist y\u0131\u011f\u0131n\u0131 yap\u0131ld\u0131\u011f\u0131n\u0131 ve ter\u00f6rist ta\u015f\u0131yan iki ara\u00e7 konvoyu g\u00f6zlemlediklerini belirtti.<\/p>\n<p>Genel Komutanl\u0131k bug\u00fcn yay\u0131nlad\u0131\u011f\u0131 beyanda Erdo\u011fan h\u00fck\u00fcmetinin Suriye \u2013 T\u00fcrkiye s\u0131n\u0131rlar\u0131nda gerginli\u011fi t\u0131rmand\u0131rmaya devam etti\u011fini ve s\u0131n\u0131r b\u00f6lgelere ter\u00f6rist y\u0131\u011fd\u0131\u011f\u0131n\u0131 belirtti.<\/p>\n<p>28 ve 29 tarihlerinde Erdo\u011fan rejiminin b\u00f6lgede elektrikleri kesmelerine e\u015f zamanl\u0131 olarak ter\u00f6ristlerin s\u0131n\u0131rdan ge\u00e7meye \u00e7al\u0131\u015ft\u0131klar\u0131na dikkat \u00e7ekilen beyanda; s\u0131n\u0131r muhaf\u0131zlar\u0131m\u0131z\u0131n Suriye topraklar\u0131na girmeye \u00e7al\u0131\u015fan ter\u00f6ristlerle \u00e7at\u0131\u015fmaya girdikleri kaydedildi. Beyanda bir ter\u00f6r konvoyunun Suriye&#8217;ye girdi\u011fi, ikinci konvoyun ise T\u00fcrkiye topraklar\u0131na do\u011fru geri ka\u00e7t\u0131\u011f\u0131 belirtildi.<\/p>\n<p>Bu gibi olaylar\u0131n ter\u00f6r eleba\u015flar\u0131 ile T\u00fcrkiye&#8217;de s\u0131n\u0131r otoriteleri aras\u0131ndaki derin koordinasyonu ortaya koydu\u011funa dikkat \u00e7ekilen beyanda; Erdo\u011fan h\u00fck\u00fcmetinin de Suriye&#8217;deki ter\u00f6r \u00f6rg\u00fctlere her t\u00fcrl\u00fc deste\u011fi takdim etmeye devam etti\u011finin kan\u0131t\u0131 oldu\u011fu vurguland\u0131.<\/p>\n<p>Beyanda bu gibi ihlallerin t\u00fcm sorumlulu\u011fu T\u00fcrkiye h\u00fck\u00fcmetine y\u00fcklenirken; Suriye&#8217;nin ter\u00f6ristlerin s\u0131n\u0131rdan ge\u00e7i\u015flerini engellemek i\u00e7in gereken her ad\u0131m\u0131 ataca\u011f\u0131 vurguland\u0131.<\/p>\n<p>https:\/\/www.youtube.com\/watch?v=SodHLBT5g08<\/p>\n<p>R.H.<\/p>\n","protected":false},"excerpt":{"rendered":"<p>\u015eAM \u2013 Ordu ve Silahl\u0131 Kuvvetler Genel Komutanl\u0131\u011f\u0131 Suriye ordusunda s\u0131n\u0131r muhaf\u0131zlar\u0131 g\u00fc\u00e7lerinin T\u00fcrkiye&#8217;de rejimin elektrikleri kesmesine e\u015f zamanl\u0131 olarak s\u0131n\u0131r b\u00f6lgelerine ter\u00f6rist y\u0131\u011f\u0131n\u0131 yap\u0131ld\u0131\u011f\u0131n\u0131 ve ter\u00f6rist ta\u015f\u0131yan iki ara\u00e7 konvoyu g\u00f6zlemlediklerini belirtti. Genel Komutanl\u0131k bug\u00fcn yay\u0131nlad\u0131\u011f\u0131 beyanda Erdo\u011fan h\u00fck\u00fcmetinin Suriye \u2013 T\u00fcrkiye s\u0131n\u0131rlar\u0131nda gerginli\u011fi t\u0131rmand\u0131rmaya devam etti\u011fini ve s\u0131n\u0131r b\u00f6lgelere ter\u00f6rist y\u0131\u011fd\u0131\u011f\u0131n\u0131 belirtti. 28 &hellip;<\/p>\n","protected":false},"author":1,"featured_media":53581,"comment_status":"closed","ping_status":"closed","sticky":false,"template":"","format":"standard","meta":{"footnotes":""},"categories":[575],"tags":[17912],"class_list":["post-53952","post","type-post","status-publish","format-standard","has-post-thumbnail","","category-olaylar-ve-gercekler","tag-erdogan-hukumetinin-destegi-ile-sinira-yigiliyorlar"],"_links":{"self":[{"href":"https:\/\/archive.sana.sy\/tr\/index.php?rest_route=\/wp\/v2\/posts\/53952","targetHints":{"allow":["GET"]}}],"collection":[{"href":"https:\/\/archive.sana.sy\/tr\/index.php?rest_route=\/wp\/v2\/posts"}],"about":[{"href":"https:\/\/archive.sana.sy\/tr\/index.php?rest_route=\/wp\/v2\/types\/post"}],"author":[{"embeddable":true,"href":"https:\/\/archive.sana.sy\/tr\/index.php?rest_route=\/wp\/v2\/users\/1"}],"replies":[{"embeddable":true,"href":"https:\/\/archive.sana.sy\/tr\/index.php?rest_route=%2Fwp%2Fv2%2Fcomments&post=53952"}],"version-history":[{"count":0,"href":"https:\/\/archive.sana.sy\/tr\/index.php?rest_route=\/wp\/v2\/posts\/53952\/revisions"}],"wp:featuredmedia":[{"embeddable":true,"href":"https:\/\/archive.sana.sy\/tr\/index.php?rest_route=\/wp\/v2\/media\/53581"}],"wp:attachment":[{"href":"https:\/\/archive.sana.sy\/tr\/index.php?rest_route=%2Fwp%2Fv2%2Fmedia&parent=53952"}],"wp:term":[{"taxonomy":"category","embeddable":true,"href":"https:\/\/archive.sana.sy\/tr\/index.php?rest_route=%2Fwp%2Fv2%2Fcategories&post=53952"},{"taxonomy":"post_tag","embeddable":true,"href":"https:\/\/archive.sana.sy\/tr\/index.php?rest_route=%2Fwp%2Fv2%2Ftags&post=53952"}],"curies":[{"name":"wp","href":"https:\/\/api.w.org\/{rel}","templated":true}]}}