{"id":53998,"date":"2015-12-01T10:02:44","date_gmt":"2015-12-01T08:02:44","guid":{"rendered":"http:\/\/www.sana.sy\/tr\/?p=53998"},"modified":"2015-12-01T12:17:55","modified_gmt":"2015-12-01T10:17:55","slug":"sanaya-aciklama-yapan-askeri-bir-kaynak-ordu-birliklerimizin-halep-kirsalinin-guneybatisi-izeyzat-seman-koyunde-erdogan-cetelerine-ait-bir-havan-topu-bir-agir-top-agir-silahla-donatilmis-bi","status":"publish","type":"post","link":"https:\/\/archive.sana.sy\/tr\/?p=53998","title":{"rendered":"SANA\u2019ya a\u00e7\u0131klama yapan askeri bir kaynak ordu birliklerimizin Halep k\u0131rsal\u0131n\u0131n g\u00fcneybat\u0131s\u0131 Izeyzat Seman K\u00f6y\u00fcnde Erdo\u011fan \u00e7etelerine ait bir havan topu, bir a\u011f\u0131r top, a\u011f\u0131r silahla donat\u0131lm\u0131\u015f bir ara\u00e7 ve bir z\u0131rhl\u0131 arac\u0131 imha ederek bir\u00e7ok ter\u00f6risti etkisiz hale getirdi."},"content":{"rendered":"<p>SANA\u2019ya a\u00e7\u0131klama yapan askeri bir kaynak ordu birliklerimizin Halep k\u0131rsal\u0131n\u0131n g\u00fcneybat\u0131s\u0131 Izeyzat Seman K\u00f6y\u00fcnde Erdo\u011fan \u00e7etelerine ait bir havan topu, bir a\u011f\u0131r top, a\u011f\u0131r silahla donat\u0131lm\u0131\u015f bir ara\u00e7 ve bir z\u0131rhl\u0131 arac\u0131 imha ederek bir\u00e7ok ter\u00f6risti etkisiz hale getirdi.<\/p>\n","protected":false},"excerpt":{"rendered":"<p>SANA\u2019ya a\u00e7\u0131klama yapan askeri bir kaynak ordu birliklerimizin Halep k\u0131rsal\u0131n\u0131n g\u00fcneybat\u0131s\u0131 Izeyzat Seman K\u00f6y\u00fcnde Erdo\u011fan \u00e7etelerine ait bir havan topu, bir a\u011f\u0131r top, a\u011f\u0131r silahla donat\u0131lm\u0131\u015f bir ara\u00e7 ve bir z\u0131rhl\u0131 arac\u0131 imha ederek bir\u00e7ok ter\u00f6risti etkisiz hale getirdi.<\/p>\n","protected":false},"author":1,"featured_media":0,"comment_status":"closed","ping_status":"closed","sticky":false,"template":"","format":"standard","meta":{"footnotes":""},"categories":[1],"tags":[],"class_list":["post-53998","post","type-post","status-publish","format-standard","","category-news-not-sorted"],"_links":{"self":[{"href":"https:\/\/archive.sana.sy\/tr\/index.php?rest_route=\/wp\/v2\/posts\/53998","targetHints":{"allow":["GET"]}}],"collection":[{"href":"https:\/\/archive.sana.sy\/tr\/index.php?rest_route=\/wp\/v2\/posts"}],"about":[{"href":"https:\/\/archive.sana.sy\/tr\/index.php?rest_route=\/wp\/v2\/types\/post"}],"author":[{"embeddable":true,"href":"https:\/\/archive.sana.sy\/tr\/index.php?rest_route=\/wp\/v2\/users\/1"}],"replies":[{"embeddable":true,"href":"https:\/\/archive.sana.sy\/tr\/index.php?rest_route=%2Fwp%2Fv2%2Fcomments&post=53998"}],"version-history":[{"count":0,"href":"https:\/\/archive.sana.sy\/tr\/index.php?rest_route=\/wp\/v2\/posts\/53998\/revisions"}],"wp:attachment":[{"href":"https:\/\/archive.sana.sy\/tr\/index.php?rest_route=%2Fwp%2Fv2%2Fmedia&parent=53998"}],"wp:term":[{"taxonomy":"category","embeddable":true,"href":"https:\/\/archive.sana.sy\/tr\/index.php?rest_route=%2Fwp%2Fv2%2Fcategories&post=53998"},{"taxonomy":"post_tag","embeddable":true,"href":"https:\/\/archive.sana.sy\/tr\/index.php?rest_route=%2Fwp%2Fv2%2Ftags&post=53998"}],"curies":[{"name":"wp","href":"https:\/\/api.w.org\/{rel}","templated":true}]}}