{"id":54009,"date":"2015-12-01T13:22:50","date_gmt":"2015-12-01T11:22:50","guid":{"rendered":"http:\/\/www.sana.sy\/tr\/?p=54009"},"modified":"2015-12-01T13:22:50","modified_gmt":"2015-12-01T11:22:50","slug":"ordu-birliklerimiz-lazkiye-kirsalinda-turkiyede-rejim-ve-daha-baska-taraflarin-dunyanin-muhtelif-devletlerinden-topladiklari-tekfirci-ve-kiraliklara-karsi-operasyonlarini-halk-savunma-gucleriyle-isb","status":"publish","type":"post","link":"https:\/\/archive.sana.sy\/tr\/?p=54009","title":{"rendered":"Ordu birliklerimiz Lazkiye k\u0131rsal\u0131nda T\u00fcrkiye&#8217;de rejim ve daha ba\u015fka taraflar\u0131n d\u00fcnyan\u0131n muhtelif devletlerinden toplad\u0131klar\u0131 tekfirci ve kiral\u0131klara kar\u015f\u0131 operasyonlar\u0131n\u0131 halk savunma g\u00fc\u00e7leriyle i\u015fbirli\u011fi i\u00e7inde s\u00fcrd\u00fcrerek bug\u00fcn yeni ba\u015far\u0131lara imza att\u0131."},"content":{"rendered":"<p>Ordu birliklerimiz Lazkiye k\u0131rsal\u0131nda T\u00fcrkiye&#8217;de rejim ve daha ba\u015fka taraflar\u0131n d\u00fcnyan\u0131n muhtelif devletlerinden toplad\u0131klar\u0131 tekfirci ve kiral\u0131klara kar\u015f\u0131 operasyonlar\u0131n\u0131 halk savunma g\u00fc\u00e7leriyle i\u015fbirli\u011fi i\u00e7inde s\u00fcrd\u00fcrerek bug\u00fcn yeni ba\u015far\u0131lara imza att\u0131.<\/p>\n","protected":false},"excerpt":{"rendered":"<p>Ordu birliklerimiz Lazkiye k\u0131rsal\u0131nda T\u00fcrkiye&#8217;de rejim ve daha ba\u015fka taraflar\u0131n d\u00fcnyan\u0131n muhtelif devletlerinden toplad\u0131klar\u0131 tekfirci ve kiral\u0131klara kar\u015f\u0131 operasyonlar\u0131n\u0131 halk savunma g\u00fc\u00e7leriyle i\u015fbirli\u011fi i\u00e7inde s\u00fcrd\u00fcrerek bug\u00fcn yeni ba\u015far\u0131lara imza att\u0131.<\/p>\n","protected":false},"author":1,"featured_media":0,"comment_status":"closed","ping_status":"closed","sticky":false,"template":"","format":"standard","meta":{"footnotes":""},"categories":[1],"tags":[],"class_list":["post-54009","post","type-post","status-publish","format-standard","","category-news-not-sorted"],"_links":{"self":[{"href":"https:\/\/archive.sana.sy\/tr\/index.php?rest_route=\/wp\/v2\/posts\/54009","targetHints":{"allow":["GET"]}}],"collection":[{"href":"https:\/\/archive.sana.sy\/tr\/index.php?rest_route=\/wp\/v2\/posts"}],"about":[{"href":"https:\/\/archive.sana.sy\/tr\/index.php?rest_route=\/wp\/v2\/types\/post"}],"author":[{"embeddable":true,"href":"https:\/\/archive.sana.sy\/tr\/index.php?rest_route=\/wp\/v2\/users\/1"}],"replies":[{"embeddable":true,"href":"https:\/\/archive.sana.sy\/tr\/index.php?rest_route=%2Fwp%2Fv2%2Fcomments&post=54009"}],"version-history":[{"count":0,"href":"https:\/\/archive.sana.sy\/tr\/index.php?rest_route=\/wp\/v2\/posts\/54009\/revisions"}],"wp:attachment":[{"href":"https:\/\/archive.sana.sy\/tr\/index.php?rest_route=%2Fwp%2Fv2%2Fmedia&parent=54009"}],"wp:term":[{"taxonomy":"category","embeddable":true,"href":"https:\/\/archive.sana.sy\/tr\/index.php?rest_route=%2Fwp%2Fv2%2Fcategories&post=54009"},{"taxonomy":"post_tag","embeddable":true,"href":"https:\/\/archive.sana.sy\/tr\/index.php?rest_route=%2Fwp%2Fv2%2Ftags&post=54009"}],"curies":[{"name":"wp","href":"https:\/\/api.w.org\/{rel}","templated":true}]}}