{"id":54012,"date":"2015-12-01T13:19:42","date_gmt":"2015-12-01T11:19:42","guid":{"rendered":"http:\/\/www.sana.sy\/tr\/?p=54012"},"modified":"2015-12-01T13:19:42","modified_gmt":"2015-12-01T11:19:42","slug":"suriyeyi-savunmak-filistin-davasini-savunmaktir","status":"publish","type":"post","link":"https:\/\/archive.sana.sy\/tr\/?p=54012","title":{"rendered":"Suriye&#8217;yi Savunmak Filistin Davas\u0131n\u0131 Savunmakt\u0131r"},"content":{"rendered":"<p>\u015eAM \u2013 Suriye Uluslararas\u0131 Kud\u00fcs Kurumunun D\u00fcnya Filistin Halk\u0131yla Dayan\u0131\u015fma g\u00fcn\u00fc m\u00fcnasebetiyle \u2018Zafere Kadar \u0130ntifada\u2019 slogan\u0131 alt\u0131nda organize etti\u011fi forum bug\u00fcn \u015eam\u2019daki Ulusal M\u00fczede \u00e7al\u0131\u015fmalar\u0131na ba\u015flad\u0131.<\/p>\n<p>Forum a\u00e7\u0131l\u0131\u015f\u0131nda konu\u015fan Enformasyon Bakan\u0131 Omran el Zoubi Suriye&#8217;nin maruz kald\u0131\u011f\u0131 t\u00fcm bu evrensel ter\u00f6r\u00fcn ana sebeplerinden birinin Fislitin halk\u0131 ve hakl\u0131 davalar\u0131na deste\u011fi oldu\u011funu belirtti. Bakan Zoubi \u0130srail i\u015fgaline kar\u015f\u0131 Filistin halk\u0131 ve me\u015fru haklar\u0131n\u0131 savunmak ve bunun bedelini \u00f6demenin de Suriye ve Suriyeliler i\u00e7in bir gurur kayna\u011f\u0131 oldu\u011funu s\u00f6yledi.<\/p>\n<p>\u2018Kud\u00fcs\u2019\u00fcn kalbinden sizleri selaml\u0131yorum\u2019 ifadesiyle s\u00f6zlerine ba\u015flayan Sebastiya Rum Ortodokslar Ba\u015fpiskoposu Ataullah Hanna ise; Suriye&#8217;ye sald\u0131r\u0131n\u0131n Fislitin halk\u0131na ve Kud\u00fcs\u2019e sald\u0131r\u0131 niteli\u011finde oldu\u011funu belirtti. Suriye&#8217;nin onur, m\u00fccadele ve direni\u015fin sembol\u00fc oldu\u011funu ifade eden Hanna; dolay\u0131s\u0131yla Suriye&#8217;yi savunman\u0131n ayn\u0131 zamanda Filistin halk\u0131 ve davas\u0131n\u0131 savunma anlam\u0131na geldi\u011fini s\u00f6yledi.<\/p>\n<p>Kurum kurulu ba\u015fkan\u0131 B\u00fcseyna \u015eaban forumun a\u00e7\u0131l\u0131\u015f konu\u015fmas\u0131nda t\u00fcm tarih\u00e7iler, gazeteciler ve hukuk\u00e7ular\u0131n Siyonizm&#8217;in i\u015fledi\u011fi su\u00e7lar\u0131 belgeleme \u00e7abalar\u0131nda bulunmalar\u0131 gerekti\u011fini belirtti.<\/p>\n<p>\u015eaban t\u00fcm gazeteci ve medya \u00e7al\u0131\u015fanlar\u0131n\u0131n da Siyonizm&#8217;in i\u015fledi\u011fi su\u00e7lar\u0131 d\u00fcnya kamuoyuna duyurma ve de\u015fifre etme gerekti\u011finin alt\u0131n\u0131 \u00e7izdi.<\/p>\n<p>R.H.<\/p>\n","protected":false},"excerpt":{"rendered":"<p>\u015eAM \u2013 Suriye Uluslararas\u0131 Kud\u00fcs Kurumunun D\u00fcnya Filistin Halk\u0131yla Dayan\u0131\u015fma g\u00fcn\u00fc m\u00fcnasebetiyle \u2018Zafere Kadar \u0130ntifada\u2019 slogan\u0131 alt\u0131nda organize etti\u011fi forum bug\u00fcn \u015eam\u2019daki Ulusal M\u00fczede \u00e7al\u0131\u015fmalar\u0131na ba\u015flad\u0131. Forum a\u00e7\u0131l\u0131\u015f\u0131nda konu\u015fan Enformasyon Bakan\u0131 Omran el Zoubi Suriye&#8217;nin maruz kald\u0131\u011f\u0131 t\u00fcm bu evrensel ter\u00f6r\u00fcn ana sebeplerinden birinin Fislitin halk\u0131 ve hakl\u0131 davalar\u0131na deste\u011fi oldu\u011funu belirtti. Bakan Zoubi \u0130srail &hellip;<\/p>\n","protected":false},"author":1,"featured_media":54014,"comment_status":"closed","ping_status":"closed","sticky":false,"template":"","format":"standard","meta":{"footnotes":""},"categories":[479,478],"tags":[17919],"class_list":["post-54012","post","type-post","status-publish","format-standard","has-post-thumbnail","","category-haberler-yerel","category-yerel","tag-suriyeyi-savunmak-filistin-davasini-savunmaktir"],"_links":{"self":[{"href":"https:\/\/archive.sana.sy\/tr\/index.php?rest_route=\/wp\/v2\/posts\/54012","targetHints":{"allow":["GET"]}}],"collection":[{"href":"https:\/\/archive.sana.sy\/tr\/index.php?rest_route=\/wp\/v2\/posts"}],"about":[{"href":"https:\/\/archive.sana.sy\/tr\/index.php?rest_route=\/wp\/v2\/types\/post"}],"author":[{"embeddable":true,"href":"https:\/\/archive.sana.sy\/tr\/index.php?rest_route=\/wp\/v2\/users\/1"}],"replies":[{"embeddable":true,"href":"https:\/\/archive.sana.sy\/tr\/index.php?rest_route=%2Fwp%2Fv2%2Fcomments&post=54012"}],"version-history":[{"count":0,"href":"https:\/\/archive.sana.sy\/tr\/index.php?rest_route=\/wp\/v2\/posts\/54012\/revisions"}],"wp:featuredmedia":[{"embeddable":true,"href":"https:\/\/archive.sana.sy\/tr\/index.php?rest_route=\/wp\/v2\/media\/54014"}],"wp:attachment":[{"href":"https:\/\/archive.sana.sy\/tr\/index.php?rest_route=%2Fwp%2Fv2%2Fmedia&parent=54012"}],"wp:term":[{"taxonomy":"category","embeddable":true,"href":"https:\/\/archive.sana.sy\/tr\/index.php?rest_route=%2Fwp%2Fv2%2Fcategories&post=54012"},{"taxonomy":"post_tag","embeddable":true,"href":"https:\/\/archive.sana.sy\/tr\/index.php?rest_route=%2Fwp%2Fv2%2Ftags&post=54012"}],"curies":[{"name":"wp","href":"https:\/\/api.w.org\/{rel}","templated":true}]}}