{"id":54017,"date":"2015-12-01T13:25:35","date_gmt":"2015-12-01T11:25:35","guid":{"rendered":"http:\/\/www.sana.sy\/tr\/?p=54017"},"modified":"2015-12-01T13:25:33","modified_gmt":"2015-12-01T11:25:33","slug":"askeri-kaynak-vatan-koruyucularimizin-bu-gunku-operasyonlarinda-lazkiye-kirsalinin-kuzeydogusuna-dusen-asagi-arrafit-ve-yukari-arrafit-koylerine-ek-olarak-seyho-tepesi-ve-ketf-el-sallat-tepesini-erdog","status":"publish","type":"post","link":"https:\/\/archive.sana.sy\/tr\/?p=54017","title":{"rendered":"Askeri kaynak vatan koruyucular\u0131m\u0131z\u0131n bu g\u00fcnk\u00fc operasyonlar\u0131nda Lazkiye k\u0131rsal\u0131n\u0131n kuzeydo\u011fusuna d\u00fc\u015fen A\u015fa\u011f\u0131 Arrafit ve Yukar\u0131 Arrafit k\u00f6ylerine ek olarak \u015eeyho Tepesi ve Ketf el Sallat Tepesini Erdo\u011fan rejimine tabi ter\u00f6r \u00e7etelerinden temizleyerek kontrollerine ald\u0131klar\u0131n\u0131 belirtti."},"content":{"rendered":"<p>Askeri kaynak vatan koruyucular\u0131m\u0131z\u0131n bu g\u00fcnk\u00fc operasyonlar\u0131nda Lazkiye k\u0131rsal\u0131n\u0131n kuzeydo\u011fusuna d\u00fc\u015fen A\u015fa\u011f\u0131 Arrafit ve Yukar\u0131 Arrafit k\u00f6ylerine ek olarak \u015eeyho Tepesi ve Ketf el Sallat Tepesini Erdo\u011fan rejimine tabi ter\u00f6r \u00e7etelerinden temizleyerek kontrollerine ald\u0131klar\u0131n\u0131 belirtti.<\/p>\n","protected":false},"excerpt":{"rendered":"<p>Askeri kaynak vatan koruyucular\u0131m\u0131z\u0131n bu g\u00fcnk\u00fc operasyonlar\u0131nda Lazkiye k\u0131rsal\u0131n\u0131n kuzeydo\u011fusuna d\u00fc\u015fen A\u015fa\u011f\u0131 Arrafit ve Yukar\u0131 Arrafit k\u00f6ylerine ek olarak \u015eeyho Tepesi ve Ketf el Sallat Tepesini Erdo\u011fan rejimine tabi ter\u00f6r \u00e7etelerinden temizleyerek kontrollerine ald\u0131klar\u0131n\u0131 belirtti.<\/p>\n","protected":false},"author":1,"featured_media":0,"comment_status":"closed","ping_status":"closed","sticky":false,"template":"","format":"standard","meta":{"footnotes":""},"categories":[1],"tags":[],"class_list":["post-54017","post","type-post","status-publish","format-standard","","category-news-not-sorted"],"_links":{"self":[{"href":"https:\/\/archive.sana.sy\/tr\/index.php?rest_route=\/wp\/v2\/posts\/54017","targetHints":{"allow":["GET"]}}],"collection":[{"href":"https:\/\/archive.sana.sy\/tr\/index.php?rest_route=\/wp\/v2\/posts"}],"about":[{"href":"https:\/\/archive.sana.sy\/tr\/index.php?rest_route=\/wp\/v2\/types\/post"}],"author":[{"embeddable":true,"href":"https:\/\/archive.sana.sy\/tr\/index.php?rest_route=\/wp\/v2\/users\/1"}],"replies":[{"embeddable":true,"href":"https:\/\/archive.sana.sy\/tr\/index.php?rest_route=%2Fwp%2Fv2%2Fcomments&post=54017"}],"version-history":[{"count":0,"href":"https:\/\/archive.sana.sy\/tr\/index.php?rest_route=\/wp\/v2\/posts\/54017\/revisions"}],"wp:attachment":[{"href":"https:\/\/archive.sana.sy\/tr\/index.php?rest_route=%2Fwp%2Fv2%2Fmedia&parent=54017"}],"wp:term":[{"taxonomy":"category","embeddable":true,"href":"https:\/\/archive.sana.sy\/tr\/index.php?rest_route=%2Fwp%2Fv2%2Fcategories&post=54017"},{"taxonomy":"post_tag","embeddable":true,"href":"https:\/\/archive.sana.sy\/tr\/index.php?rest_route=%2Fwp%2Fv2%2Ftags&post=54017"}],"curies":[{"name":"wp","href":"https:\/\/api.w.org\/{rel}","templated":true}]}}