{"id":54032,"date":"2015-12-01T22:00:14","date_gmt":"2015-12-01T20:00:14","guid":{"rendered":"http:\/\/www.sana.sy\/tr\/?p=54032"},"modified":"2015-12-03T16:03:05","modified_gmt":"2015-12-03T14:03:05","slug":"erdogan-ve-rejimi-terorle-mucadele-tekerine-comak-sokmaya-calisiyor","status":"publish","type":"post","link":"https:\/\/archive.sana.sy\/tr\/?p=54032","title":{"rendered":"Erdo\u011fan ve Rejimi Ter\u00f6rle M\u00fccadele Tekerine \u00c7omak Sokmaya \u00c7al\u0131\u015f\u0131yor"},"content":{"rendered":"<p>\u015eAM \u2013 Cumhurba\u015fkan\u0131 Be\u015f\u015far el Esad \u00c7ek Cumhuriyeti resmi televizyonunun bug\u00fcn yay\u0131nlad\u0131\u011f\u0131 r\u00f6portaj\u0131nda ter\u00f6rle m\u00fccadelede her \u015feyden \u00f6nce deste\u011fin kesilmesi gerekti\u011fini vurgularken, T\u00fcrkiye&#8217;nin Suriye hava sahas\u0131nda Rus u\u00e7a\u011f\u0131n\u0131 d\u00fc\u015f\u00fcrmesinin, Erdo\u011fan\u2019\u0131n kontrol\u00fc kaybetti\u011fini ortaya koydu\u011funu ifade etti.<\/p>\n<p><span style=\"color: #0000ff\">Burada da Ama\u00e7 \u0130nsanlar\u0131n Ya\u015famlar\u0131n\u0131 Kurtarmakt\u0131r<\/span><\/p>\n<p>G\u00f6z doktoru mesle\u011fini en kan oldu\u011fu i\u00e7in se\u00e7ti\u011fini, Suriye&#8217;deki krizde de d\u00fcnyan\u0131n en kanl\u0131 sava\u015f\u0131 ya\u015fand\u0131\u011f\u0131 konusunda t\u0131bbi operasyonlarda her zaman kan olaca\u011f\u0131na i\u015faret etti. El Esad t\u0131bbi operasyonlarda amac\u0131n hastan\u0131n hayat\u0131n\u0131 kurtarmak oldu\u011funu, Suriye&#8217;de ise ter\u00f6ristlerin insanlar\u0131 katletmek i\u00e7in kan ak\u0131tt\u0131klar\u0131n\u0131 s\u00f6yledi.<\/p>\n<p>El Esad h\u00fck\u00fcmete d\u00fc\u015fen g\u00f6revin ter\u00f6ristleri yok etmekle inanlar\u0131n ya\u015famlar\u0131n\u0131 kurtarmak oldu\u011funa vurgu yaparken t\u0131bbi operasyonlar ile Suriye&#8217;deki kriz aras\u0131ndaki tek ba\u011flant\u0131n\u0131n bu oldu\u011funu ifade etti. H\u00fck\u00fcmetin insanlar\u0131 kurtarmada kan ak\u0131tma zorunlulu\u011funda kald\u0131\u011f\u0131nda bunun vatan ve halk\u0131 savunma \u00e7er\u00e7evesinde oldu\u011funu belirten el Esad; devletlerin topraklar\u0131n\u0131 ve halk\u0131n\u0131 korumada ordular\u0131n\u0131 kulland\u0131klar\u0131na dikkat \u00e7ekti.<\/p>\n<p><span style=\"color: #0000ff\">Sebep D\u0131\u015f G\u00fc\u00e7ler Taraf\u0131ndan Desteklenen Y\u00fcksek Say\u0131da Ter\u00f6ristin Bulunmas\u0131d\u0131r<\/span><\/p>\n<p><a href=\"http:\/\/www.sana.sy\/tr\/?attachment_id=54080\" rel=\"attachment wp-att-54080\"><img loading=\"lazy\" decoding=\"async\" class=\"size-medium wp-image-54080 alignright\" src=\"http:\/\/www.sana.sy\/tr\/wp-content\/uploads\/2015\/12\/el-Esad-1-300x181.jpg\" alt=\"el Esad 1\" width=\"300\" height=\"181\" srcset=\"https:\/\/archive.sana.sy\/tr\/wp-content\/uploads\/2015\/12\/el-Esad-1-300x181.jpg 300w, https:\/\/archive.sana.sy\/tr\/wp-content\/uploads\/2015\/12\/el-Esad-1-150x91.jpg 150w, https:\/\/archive.sana.sy\/tr\/wp-content\/uploads\/2015\/12\/el-Esad-1.jpg 1000w\" sizes=\"auto, (max-width: 300px) 100vw, 300px\" \/><\/a>Suriye&#8217;deki krizde ya\u015famlar\u0131n\u0131 yitirenlerin \u2018250 bini\u2019 a\u015ft\u0131\u011f\u0131 konusunda ise el Esad; bunun temel nedeninin b\u00f6lgesel ve Bat\u0131l\u0131 g\u00fc\u00e7ler taraf\u0131ndan desteklenen olduk\u00e7a y\u00fcksek say\u0131da ter\u00f6ristin bulunmas\u0131 oldu\u011funu belirtti.<\/p>\n<p>Ter\u00f6ristlerin d\u00fcnyan\u0131n 100\u2019den fazla \u00fclkesinden Suriye&#8217;ye ak\u0131n ettiklerini ifade eden el Esad; Suriye&#8217;yi ter\u00f6r merkezine d\u00f6n\u00fc\u015ft\u00fcrmeye \u00e7al\u0131\u015ft\u0131klar\u0131n\u0131 s\u00f6yledi. El Esad bunun do\u011frultusunda Suriye&#8217;nin do\u011fal olarak kendini ve halk\u0131n\u0131 savundu\u011funu ifade ederken, aksi halde ter\u00f6rist say\u0131s\u0131n\u0131n katlarca daha fazla olaca\u011f\u0131n\u0131 s\u00f6yledi.<\/p>\n<p><span style=\"color: #0000ff\">Ter\u00f6re Kar\u015f\u0131 En \u00d6nemli Tarih Budur<\/span><\/p>\n<p>Suriye&#8217;de kriz s\u00fcresince en \u00f6nemli tarih ya da geli\u015fmenin ne oldu\u011funa ili\u015fkin soruya cevab\u0131nda el Esad; ku\u015fkusuz ki Rusya&#8217;n\u0131n Suriye&#8217;de ter\u00f6re kar\u015f\u0131 operasyonlara kat\u0131lma karar\u0131 ve ter\u00f6re kar\u015f\u0131 cephenin te\u015fkil edilme tarihi olan 30 Eyl\u00fcl oldu\u011funu belirtti.<\/p>\n<p>Paris\u2019te meydana gelen ter\u00f6r sald\u0131r\u0131lar\u0131n\u0131n Suriye&#8217;deki krize yans\u0131malar\u0131 konusunda ise el Esad; Fransa h\u00fck\u00fcmetinin sadece Frans\u0131zlar\u0131n ter\u00f6r sald\u0131r\u0131lar\u0131na kar\u015f\u0131 \u00f6fkelerini yat\u0131\u015ft\u0131rmak oldu\u011funu s\u00f6yledi. El Esad Fransa h\u00fck\u00fcmetinin g\u00fcya sald\u0131r\u0131lardan sonra ter\u00f6re kar\u015f\u0131 daha muhtelif ve daha ciddi bir \u015fekilde m\u00fccadele verece\u011fi imaj\u0131 vermek istedi\u011fini s\u00f6zlerine ekledi.<\/p>\n<p><span style=\"color: #0000ff\">Durumlar Kendini G\u00f6steriyor<\/span><\/p>\n<p>ABD komutas\u0131ndaki uluslar aras\u0131 koalisyonun ter\u00f6rle m\u00fccadelede etkin olup olmad\u0131\u011f\u0131 konusunda da el Esad; sahadaki durumlar\u0131n bu soruya net bir cevap verdi\u011fini ifade etti. S\u00f6z\u00fc edilen koalisyonun bir y\u0131la a\u015fk\u0131n s\u00fcren operasyonlar\u0131 s\u0131ras\u0131nda gerek I\u015e\u0130D, gerek Kaide \u00d6rg\u00fct\u00fcn\u00fcn Suriye kolu Nusra Cephesi ve ya daha ba\u015fka adland\u0131rmalar alt\u0131ndaki ter\u00f6r \u00f6rg\u00fctlerin daha \u00e7ok geni\u015f b\u00f6lgelere yay\u0131ld\u0131klar\u0131n\u0131 belirten el Esad; Rusya&#8217;n\u0131n ter\u00f6re kar\u015f\u0131 operasyonlara ba\u015flamas\u0131ndan beri ise durumun de\u011fi\u015fti\u011fini s\u00f6yledi. El Esad Suriye ordusu ile tam bir i\u015fbirli\u011fi ve koordinasyon i\u00e7inde olan Rus operasyonlar\u0131n ba\u015flamas\u0131ndan beri s\u00f6z konusu t\u00fcm ter\u00f6r \u00f6rg\u00fctlerin s\u0131n\u0131rland\u0131r\u0131l\u0131p zay\u0131flat\u0131ld\u0131klar\u0131na vurgu yapt\u0131.<\/p>\n<p><span style=\"color: #0000ff\">Nedeni \u0130\u015fbirli\u011fi ve Koordinasyondur<\/span><\/p>\n<p>Rus operasyonlar\u0131n\u0131n ter\u00f6rle m\u00fccadelede daha etkili olmas\u0131n\u0131n nedeninin Suriye ordusuyla i\u015fbirli\u011fi ve koordinasyon olup olmad\u0131\u011f\u0131na ili\u015fkin soruya cevab\u0131nda el Esad; ku\u015fkusuz ki sebebin bu oldu\u011funu belirtti.<\/p>\n<p>Ter\u00f6r\u00fcn sadece hava operasyonlar\u0131 ile yok edilmesinin imkans\u0131z oldu\u011funa i\u015faret eden el Esad; ABD\u2019nin Afganistan\u2019da bunu uzun s\u00fcreli\u011fine yapt\u0131\u011f\u0131n\u0131 ve hi\u00e7bir i\u015fe yaramad\u0131\u011f\u0131n\u0131n kan\u0131tland\u0131\u011f\u0131n\u0131 s\u00f6yledi. El Esad ter\u00f6r\u00fcn yok edilmesi i\u00e7in mutlaka o \u00fclkede bir g\u00fc\u00e7le i\u015fbirli\u011fi i\u00e7inde olman\u0131n gerekli oldu\u011funu ifade ederken, Suriye&#8217;de bunu yapabilecek ger\u00e7ek ve en g\u00fc\u00e7l\u00fc g\u00fcc\u00fcn ise Suriye ordusu ve h\u00fck\u00fcmeti oldu\u011funun alt\u0131n\u0131 \u00e7izdi.<\/p>\n<p><span style=\"color: #0000ff\">Ter\u00f6r\u00fc Destekleyenler Ter\u00f6rle M\u00fccadele Edemez<\/span><\/p>\n<p>Fransa ba\u015fkan\u0131n\u0131n ter\u00f6re kar\u015f\u0131 en geni\u015f cepheyi olu\u015fturma \u00e7abas\u0131nda oldu\u011fu ve meseleye ili\u015fkin ku\u015fkular\u0131 olup olmad\u0131\u011f\u0131 sorusuna cevab\u0131nda el Esad; Fransa h\u00fck\u00fcmetinin daha \u00f6nce tan\u0131k oldu\u011fu ter\u00f6r eylemlerinden ders almamakla son olarak Paris\u2019te ya\u015fanan ter\u00f6r sald\u0131r\u0131lar\u0131ndan da ders alaca\u011f\u0131n\u0131 d\u00fc\u015f\u00fcnmedi\u011fini ifade etti.<\/p>\n<p>S\u00f6zlerine devam eden el Esad; Fransa h\u00fck\u00fcmetinin Suriye&#8217;de ter\u00f6r\u00fc destekleyen taraflardan biri oldu\u011funu hat\u0131rlatarak, ter\u00f6r\u00fc destekleyenlerin bu ter\u00f6rle m\u00fccadele etmelerinin m\u00fcmk\u00fcn olmad\u0131\u011f\u0131n\u0131 s\u00f6yledi. El Esad Fransa h\u00fck\u00fcmetinin ter\u00f6re direk destek vermekle kalmad\u0131\u011f\u0131n\u0131, ayn\u0131 zamanda ter\u00f6r\u00fcn en b\u00fcy\u00fck destek\u00e7isi ve finans\u00f6r\u00fc Suudi rejimiyle de ittifak i\u00e7inde oldu\u011funa dikkat \u00e7ekti. El Esad hi\u00e7 kimsenin ayn\u0131 anda hem polis hem de h\u0131rs\u0131z olamayaca\u011f\u0131n\u0131 s\u00f6yledi.<\/p>\n<p><span style=\"color: #0000ff\">G\u00f6nderdikleri Silahlar\u0131n Kimlere Gidece\u011fini Biliyorlar<\/span><\/p>\n<p>Bat\u0131l\u0131 devletlerin I\u015e\u0130D ya da Nusra Cephesine destekleri konusunda ise el Esad; internet \u00fczerine bir dizi g\u00f6r\u00fcnt\u00fcn\u00fcn bulundu\u011funu s\u00f6yledi. Bat\u0131l\u0131 devletlerin satt\u0131klar\u0131 silah ve te\u00e7hizatlar\u0131n kime gitti\u011fini gayet iyi bir \u015fekilde bildiklerini ifade eden el Esad; ter\u00f6ristlere finans konusunda da destekleri bulundu\u011funu belirtti.<\/p>\n<p><span style=\"color: #0000ff\">Erdo\u011fan Kontrol\u00fcn\u00fc Kaybetti<\/span><\/p>\n<p><a href=\"http:\/\/www.sana.sy\/tr\/?attachment_id=54084\" rel=\"attachment wp-att-54084\"><img loading=\"lazy\" decoding=\"async\" class=\"size-medium wp-image-54084 alignright\" src=\"http:\/\/www.sana.sy\/tr\/wp-content\/uploads\/2015\/12\/el-Esad-3-300x202.jpg\" alt=\"el Esad 3\" width=\"300\" height=\"202\" srcset=\"https:\/\/archive.sana.sy\/tr\/wp-content\/uploads\/2015\/12\/el-Esad-3-300x202.jpg 300w, https:\/\/archive.sana.sy\/tr\/wp-content\/uploads\/2015\/12\/el-Esad-3-150x101.jpg 150w, https:\/\/archive.sana.sy\/tr\/wp-content\/uploads\/2015\/12\/el-Esad-3.jpg 1000w\" sizes=\"auto, (max-width: 300px) 100vw, 300px\" \/><\/a>T\u00fcrkiye&#8217;nin Rus sava\u015f u\u00e7a\u011f\u0131n\u0131 Suriye semalar\u0131nda d\u00fc\u015f\u00fcrmesinin Fransa\u2019n\u0131n \u00e7abalar\u0131n\u0131 ve Suriye&#8217;de bar\u0131\u015f g\u00f6r\u00fc\u015fmelerini aksat\u0131p aksatmayaca\u011f\u0131na ili\u015fkin soruya cevab\u0131nda el Esad; b\u00f6yle bir etkisi olmayaca\u011f\u0131 kan\u0131s\u0131nda oldu\u011funu ifade etti.<\/p>\n<p>El Esad T\u00fcrkiye&#8217;nin ter\u00f6re kar\u015f\u0131 operasyonu s\u0131ras\u0131nda Rus sava\u015f u\u00e7a\u011f\u0131n\u0131 d\u00fc\u015f\u00fcrmesinin Erdo\u011fan\u2019\u0131n kontrol\u00fcn\u00fc kaybetti\u011fini net bir \u015fekilde ortaya koydu\u011funu belirtti. \u00d6yle ki Rusya&#8217;n\u0131n Suriye&#8217;de ter\u00f6rle m\u00fccadele operasyonlar\u0131n\u0131n sahada g\u00fc\u00e7 dengesini de\u011fi\u015ftirdi\u011fini ifade eden el Esad; Erdo\u011fan ve ona tabi ter\u00f6r \u00f6rg\u00fctlerin Suriye&#8217;deki ba\u015far\u0131s\u0131zl\u0131\u011f\u0131n\u0131n Erdo\u011fan\u2019\u0131n siyasi ya\u015fam\u0131n\u0131n sona ermesi anlam\u0131na geldi\u011fini s\u00f6yledi. El Esad dolay\u0131s\u0131yla Erdo\u011fan\u2019\u0131n Suriye&#8217;de destekledi\u011fi ter\u00f6re kar\u015f\u0131 herhangi bir ba\u015far\u0131n\u0131n tekerine \u00e7omak sokmaya \u00e7al\u0131\u015ft\u0131\u011f\u0131n\u0131 belirtti.<\/p>\n<p>S\u00f6zlerine devam eden el Esad; fakat bunun dengeyi de\u011fi\u015ftirece\u011fini sanm\u0131yorum, Suriye&#8217;de ter\u00f6re kar\u015f\u0131 operasyonlar\u0131n da devam etti\u011fini, Rusya&#8217;n\u0131n da deste\u011fini daha \u00e7ok artt\u0131raca\u011f\u0131n\u0131 ifade etti. Dolay\u0131s\u0131yla Erdo\u011fan\u2019\u0131n ne bu \u00e7abas\u0131 ne de ba\u015fka \u015fekilde buna benzer bir \u00e7abada bulunmas\u0131n\u0131n ter\u00f6rle m\u00fccadele kararl\u0131l\u0131\u011f\u0131 ve ciddiyetini etkilemeyece\u011fini s\u00f6yledi.<\/p>\n<p><span style=\"color: #0000ff\">Her \u015eeyden \u00d6nce Destek Kesilmeli<\/span><\/p>\n<p>ABD\u2019nin m\u00fcdahalesi ve I\u015e\u0130D\u2019in yok edilmesinde etkin olanaklar konusunda ise el Esad; ger\u00e7ekte sadece I\u015e\u0130D\u2019 de\u011fil de t\u00fcm ter\u00f6r\u00fcn bertaraf edilmesi i\u00e7in bir\u00e7ok eksende \u00e7aba harcanmas\u0131 gerekti\u011fini s\u00f6yledi. El Esad bu eksenler aras\u0131nda ideoloji ve ekonominin yan\u0131 s\u0131ra siyasi tutum ve i\u015fbirli\u011finin de yer ald\u0131\u011f\u0131n\u0131 belirtti. Bir di\u011fer eksenin ise g\u00fcvenlik i\u015fbirli\u011fi ve bu ter\u00f6r \u00f6rg\u00fctlere kar\u015f\u0131 direk sava\u015f oldu\u011funa dikkat \u00e7eken el Esad; her \u015feyden \u00f6nemlisi ise \u015fayet ger\u00e7ekten bu ter\u00f6r \u00f6rg\u00fctlerin yok edilmesinin istenmesi halinde askeri ve lojistik deste\u011fin kesilmesi, be\u015feri ve finans kaynaklar\u0131n\u0131n yok edilmesi gerekti\u011finin alt\u0131n\u0131 \u00e7izdi. El Esad bunun i\u00e7inde Suudi Arabistan ve katar\u2019\u0131n deste\u011fi ile T\u00fcrkiye&#8217;den ge\u00e7i\u015f yollar\u0131n\u0131n da kapat\u0131lmas\u0131n\u0131n \u00f6nemine vurgu yapt\u0131.<\/p>\n<p>Suriye&#8217;nin ter\u00f6rle m\u00fccadele etti\u011fi s\u0131rada ter\u00f6r \u00f6rg\u00fctlerin bir\u00e7ok devletten s\u0131n\u0131rs\u0131z destek ald\u0131klar\u0131na dikkat \u00e7eken el Esad; \u015fayet ger\u00e7ekten ter\u00f6rle m\u00fccadele edilmek isteniyorsa her \u015feyden \u00f6nce bu desteklerinin kesilmesi gerekti\u011fini vurgulad\u0131.<\/p>\n<p><span style=\"color: #0000ff\">Bu Terimlerin Hi\u00e7 Biri Mant\u0131kl\u0131 De\u011fildir<\/span><\/p>\n<p>Siyasi \u00e7\u00f6z\u00fcmden \u00f6nce ter\u00f6r\u00fcn yok edilmesi gere\u011finden kastine ili\u015fkin soruya cevab\u0131nda el Esad; silah ta\u015f\u0131yanlar\u0131n muhalefet olarak adland\u0131r\u0131lmalar\u0131n\u0131n mant\u0131kl\u0131 olmad\u0131\u011f\u0131n\u0131 bir kez daha vurgulad\u0131.<\/p>\n<p>S\u00f6zlerine devam eden el Esad muhalefetin sadece siyasi hareketlerden ibaret olmas\u0131 gerekti\u011fini, d\u00fcnyan\u0131n hi\u00e7bir \u00fclkesinin silah ta\u015f\u0131yan gruplar\u0131 muhalefet olarak kabul etmesinin m\u00fcmk\u00fcn olmad\u0131\u011f\u0131n\u0131 vurgulad\u0131.<\/p>\n<p>Bir di\u011fer noktan\u0131n ise muhalefet olarak adland\u0131r\u0131lacak gruplar\u0131n halk taban\u0131 olmas\u0131 gerekti\u011fini belirten el Esad; Suriye&#8217;deki silahl\u0131 gruplar\u0131n ise silah zoruyla dayatmalarda bulunduklar\u0131n\u0131 ve halka sald\u0131r\u0131p hizmet kurumlar\u0131 ve ekonomi faaliyetlerini sabote ettiklerini s\u00f6yledi. Suriye&#8217;de \u2018muhalif gruplar\u2019 olarak adland\u0131r\u0131lanlar\u0131n savunmas\u0131z insanlar\u0131 hedef al\u0131p \u00f6zel ve kamu m\u00fclkleri sabote ettiklerine dikkat \u00e7eken el Esad; dolay\u0131s\u0131yla \u2018sava\u015f\u00e7\u0131 muhalifler, \u2018askeri muhalefet\u2019 ya da \u2018\u0131l\u0131ml\u0131 muhalifler\u2019 gibi terimlerin kesinlikle mant\u0131kla hi\u00e7bir ilgileri olmad\u0131\u011f\u0131n\u0131 vurgulad\u0131.<\/p>\n<p><span style=\"color: #0000ff\">Muhalefet Yurti\u00e7inde Olur<\/span><\/p>\n<p>Bir di\u011fer noktan\u0131n muhalefetin yurti\u00e7inde olmas\u0131 gerekti\u011fine dikkat \u00e7eken el Esad; yabanc\u0131 \u00fclkelerde istihbarat birimleri yada ba\u015fka taraflarca te\u015fkil edilen gruplar\u0131 muhalefet olarak adland\u0131rman\u0131n da mant\u0131kl\u0131 olmad\u0131\u011f\u0131n\u0131 vurgulad\u0131.<\/p>\n<p>El Esad Suriye&#8217;de ger\u00e7ekten muhalefet olarak adland\u0131r\u0131lacak g\u00fc\u00e7lerin bulundu\u011funu ifade ederken, yabanc\u0131 ajandalar u\u011fruna \u00e7al\u0131\u015fmayan, ger\u00e7ekten yurtsever Suriyeli reel muhalefetin mevcut oldu\u011funu belirtti.<\/p>\n<p><span style=\"color: #0000ff\">Ter\u00f6r Yok Edilmeden Hi\u00e7bir Ad\u0131m At\u0131lamaz<\/span><\/p>\n<p>Siyasi ad\u0131m atmak i\u00e7in her \u015feyden \u00f6nce ter\u00f6r\u00fcn yok edilmesi ve g\u00fcvenli\u011fin kontrole al\u0131nmas\u0131n\u0131n mutlak bir gereklilik te\u015fkil etti\u011fini belirten el Esad; g\u00fcvenli\u011fin olmad\u0131\u011f\u0131 bir ortamda herhangi bir siyasi ad\u0131m atman\u0131n m\u00fcmk\u00fcn olmad\u0131\u011f\u0131n\u0131 ifade etti.<\/p>\n<p>El Esad ter\u00f6r \u00f6rg\u00fctleri ve destek\u00e7ilerinin Suriye&#8217;de kendilerine has hedef ve ajandalar\u0131n\u0131n bulundu\u011funu, bunun da siyasi \u00e7\u00f6z\u00fcmle uyu\u015fmas\u0131n\u0131n m\u00fcmk\u00fcn olmad\u0131\u011f\u0131n\u0131 s\u00f6yledi. Her \u015feye ra\u011fmen siyasi s\u00fcreci ba\u015flatman\u0131n gerekli ve ka\u00e7\u0131n\u0131lmaz oldu\u011funu belirten el Esad; fakat bu s\u00fcreci ba\u015flatma ve ilerlemesinin m\u00fcmk\u00fcn k\u0131l\u0131nmas\u0131 i\u00e7in uygun bir ortam yaratmada somut ad\u0131mlar\u0131n at\u0131lmas\u0131 gerekti\u011finin de alt\u0131n\u0131 \u00e7izdi.<\/p>\n<p><span style=\"color: #0000ff\">Siyasi S\u00fcrecin iki Y\u00f6n\u00fc Olacak<\/span><\/p>\n<p>Siyasi s\u00fcre\u00e7te silahl\u0131 gruplar\u0131n dahil olup olmayaca\u011f\u0131 konusunda bir soruya cevab\u0131nda el Esad; siyasi s\u00fcrecin iki y\u00f6n\u00fc olaca\u011f\u0131n\u0131 belirtti. El Esad ilk y\u00f6n\u00fcn siyasi muhalefet olaca\u011f\u0131n\u0131, ikinci y\u00f6n\u00fcn\u00fcn de silahl\u0131 gruplardan ibaret olaca\u011f\u0131n\u0131 buna da Suriye&#8217;de ulusal uzla\u015fma ad\u0131 verildi\u011fini s\u00f6yledi.<\/p>\n<p>S\u00f6zlerine devam eden el Esad Suriye&#8217;de ulusal uzla\u015fma kapsam\u0131nda silahlar\u0131n\u0131 teslim edenlerin h\u00fck\u00fcmet aff\u0131ndan yararlan\u0131p normal ya\u015famlar\u0131na d\u00f6neceklerini, bunu kan\u0131tlayan bir dizi \u00f6rne\u011fin de ya\u015fand\u0131\u011f\u0131n\u0131 belirtti.<\/p>\n<p>Fakat I\u015e\u0130D ve Nusra Cephesi gibi \u00f6rg\u00fctlere tabi ter\u00f6ristlerin silah b\u0131rakmay\u0131 reddettiklerini ifade eden el Esad; s\u0131n\u0131r tan\u0131mayan bu tekfircilerin Suriye devletine ve halk\u0131na kar\u015f\u0131 karanl\u0131k bir ideolojileri bulundu\u011funu, bunlarla uzla\u015fman\u0131n da m\u00fcmk\u00fcn olmad\u0131\u011f\u0131n\u0131 vurgulad\u0131.<\/p>\n<p><span style=\"color: #0000ff\">Halk Taban\u0131na Sahip Olmayan Gruplarla Uzla\u015fma \u0130\u015fe Yaramaz<\/span><\/p>\n<p><a href=\"http:\/\/www.sana.sy\/tr\/?attachment_id=54085\" rel=\"attachment wp-att-54085\"><img loading=\"lazy\" decoding=\"async\" class=\"size-medium wp-image-54085 alignright\" src=\"http:\/\/www.sana.sy\/tr\/wp-content\/uploads\/2015\/12\/el-Esad-41-300x186.jpg\" alt=\"el Esad 4\" width=\"300\" height=\"186\" srcset=\"https:\/\/archive.sana.sy\/tr\/wp-content\/uploads\/2015\/12\/el-Esad-41-300x186.jpg 300w, https:\/\/archive.sana.sy\/tr\/wp-content\/uploads\/2015\/12\/el-Esad-41-150x93.jpg 150w, https:\/\/archive.sana.sy\/tr\/wp-content\/uploads\/2015\/12\/el-Esad-41.jpg 1000w\" sizes=\"auto, (max-width: 300px) 100vw, 300px\" \/><\/a>Viyana\u2019da yap\u0131lan g\u00f6r\u00fc\u015fmelerde sa\u011flanan sonu\u00e7lar\u0131 kabul edip etmeyece\u011fi konusunda el Esad; krizin ba\u015f\u0131ndan beri Suriye&#8217;de halk taban\u0131na sahip olmayan ve \u2018muhalif\u2019 olarak adland\u0131r\u0131lan gruplarla uzla\u015fman\u0131n bir i\u015fe yaramayaca\u011f\u0131na Suriye&#8217;nin \u00f6nemle dikkat \u00e7ekti\u011fini hat\u0131rlatt\u0131.<\/p>\n<p>El Esad ba\u015fka devletlere tabi gruplarla temasa ge\u00e7ilmeyece\u011fini, bunlarla temasa ge\u00e7eme yerine efendileriyle temasa ge\u00e7menin daha mant\u0131kl\u0131 olaca\u011f\u0131n\u0131 bir\u00e7ok kez ifade etti\u011fini s\u00f6yledi. Temel olarak Suriye h\u00fck\u00fcmetinin hi\u00e7bir tarafla temasa ge\u00e7me ve g\u00f6r\u00fc\u015fmelerde bulunmaya kar\u015f\u0131 olmad\u0131\u011f\u0131n\u0131 s\u00f6yleyen el Esad; fakat halk taban\u0131 olmay\u0131p yabanc\u0131 devletlerle ba\u011flant\u0131l\u0131 gruplarla uzla\u015fman\u0131n Suriye&#8217;de pratikte neyi de\u011fi\u015ftirece\u011fi sorusuna vurgu yapt\u0131.<\/p>\n<p><span style=\"color: #0000ff\">T\u00fcm\u00fc Var Ama Hi\u00e7 Biri Reel De\u011fildir<\/span><\/p>\n<p>Suriye&#8217;deki sava\u015f\u0131n h\u00fck\u00fcmet ile militanlar sava\u015f\u0131, \u00f6zg\u00fcrl\u00fck sava\u015f\u0131, S\u00fcnni \u2013 \u015eii sava\u015f\u0131, Bat\u0131l\u0131 \u2013 Fars sava\u015f\u0131, laik devlet ile radikaller aras\u0131nda bir sava\u015f m\u0131 yoksa nas\u0131l bir sava\u015f olarak nitelendirilebilece\u011fine ili\u015fkin bir soruya cevab\u0131nda el Esad; s\u00f6z konusu t\u00fcm fakt\u00f6rlerin bulundu\u011funu, fakat hi\u00e7 birinin reel olmad\u0131\u011f\u0131n\u0131 belirtti.<\/p>\n<p>El Esad devletin kontrol\u00fcndeki b\u00f6lgelerde t\u00fcm etnik ve mezheplerden insanlar\u0131n ayn\u0131 yerde bar\u0131\u015f i\u00e7inde ya\u015fad\u0131klar\u0131na dikkat \u00e7ekerek dolay\u0131s\u0131yla mezhepsel sava\u015f olarak adland\u0131r\u0131lmas\u0131n\u0131n m\u00fcmk\u00fcn olmad\u0131\u011f\u0131n\u0131 belirtti. Fakat Katar, Suudi Arabistan ve T\u00fcrkiye gibi rejimlerin provokasyon ve fitne ama\u00e7l\u0131 \u00e7abalar\u0131 sonucunda mezhepler aras\u0131nda bir k\u0131s\u0131m sorunlar\u0131n oldu\u011funa dikkat \u00e7eken el Esad; bunun da temel olarak radikal ideolojiye sahip ki\u015filer aras\u0131nda oldu\u011funu belirtti.<\/p>\n<p>Suriye&#8217;deki sava\u015f\u0131n Suriye&#8217;de kendi \u00e7\u0131karlar\u0131 ve ajandalar\u0131 do\u011frultusunda dayatma ve s\u00f6m\u00fcr\u00fc ama\u00e7l\u0131 d\u0131\u015f g\u00fc\u00e7lerin destek ve komutas\u0131ndaki silahl\u0131 gruplar ile halk\u0131n\u0131 ve topraklar\u0131n\u0131 korumaya \u00e7al\u0131\u015fan devlet aras\u0131nda bir sava\u015f oldu\u011funu belirten el Esad; bir k\u0131s\u0131m ter\u00f6r gruplar\u0131n karanl\u0131k ve tekfirci ideolojilerini dayatmaya \u00e7al\u0131\u015ft\u0131klar\u0131 bir s\u0131rada bir k\u0131s\u0131m ter\u00f6r gruplar\u0131n\u0131n da ellerine ald\u0131klar\u0131 silahlarla g\u00fc\u00e7 ve para kazanmaya \u00e7al\u0131\u015ft\u0131klar\u0131n\u0131 belirtti.<\/p>\n<p>Sava\u015f\u0131n bir di\u011fer nedeninin de ABD\u2019nin kendisine \u2018hay\u0131r\u2019 diyecek hi\u00e7bir devlet yada g\u00fcc\u00fc istememesi nedeniyle egemen ve ba\u011f\u0131ms\u0131z Suriye devletini yok etmek istedi\u011fine dikkat \u00e7eken el Esad; sonu\u00e7 itibar\u0131yla Suriye&#8217;deki sava\u015f\u0131n k\u0131saca yabanc\u0131 devletler taraf\u0131ndan desteklenen kiral\u0131k ve tekfirci gruplar ile halk\u0131n geneli taraf\u0131ndan desteklenen h\u00fck\u00fcmet aras\u0131nda bir sava\u015f oldu\u011funun alt\u0131n\u0131 \u00e7izdi.<\/p>\n<p><span style=\"color: #0000ff\">Ki\u015fisel A\u00e7\u0131dan Hi\u00e7bir \u00d6nemi Yada Etkisi Yoktur<\/span><\/p>\n<p>Kriz \u00f6ncesinde Suriye halk\u0131n\u0131n umudu olmas\u0131 ard\u0131ndan d\u00fcnya kamuoyunda \u2018k\u00f6t\u00fc\u2019 imac\u0131n\u0131 almas\u0131 ve daha sonra g\u00fcn\u00fcm\u00fczde krizin son bulmas\u0131nda Suriyeliler ve d\u00fcnya i\u00e7in yeniden umut olmas\u0131 konusunda bir soruya cevab\u0131nda el Esad; kendisinin Bat\u0131l\u0131lar\u0131n g\u00f6z\u00fcnde 2005\u2019te \u2018katil\u2019, 2008\u2019de bar\u0131\u015f adam\u0131, 2011\u2019de de \u2018cani\u2019 oldu\u011funu s\u00f6yledi. El Esad \u015fimdi ise Bat\u0131l\u0131lar\u0131n tutumlar\u0131nda a\u00e7\u0131k olmayan utanga\u00e7 bir de\u011fi\u015fim oldu\u011funu ifade etti.<\/p>\n<p>Ki\u015fisel a\u00e7\u0131dan bunlar\u0131n hi\u00e7bir \u00f6nem yada etkisi olmad\u0131\u011f\u0131n\u0131 belirten el Esad; Bat\u0131l\u0131lar\u0131n bir\u00e7o\u011funun ba\u011f\u0131ms\u0131zl\u0131klar\u0131n\u0131 ve g\u00fcvenirliliklerini yitirmeleri nedeniyle kimsenin a\u00e7\u0131klamalar\u0131n\u0131 dikkate almad\u0131\u011f\u0131n\u0131 s\u00f6yledi. El Esad Avrupal\u0131lar\u0131n genelinin efendileri ABD\u2019ye tabi olduklar\u0131n\u0131, dolay\u0131s\u0131yla da Suriye&#8217;nin onlara de\u011fil ABD\u2019nin pratik tutumlar\u0131n\u0131 dikkate ald\u0131\u011f\u0131n\u0131 ifade etti.<\/p>\n<p>Suriye&#8217;deki gibi bir durumda as\u0131l \u00f6nemli olan\u0131n halk\u0131n vizyonu ve ne istedi\u011fi oldu\u011funun alt\u0131n\u0131 \u00e7izen el Esad; bunun haricinde bir \u015feyin umurunda olmad\u0131\u011f\u0131n\u0131 s\u00f6yledi.<\/p>\n<p><span style=\"color: #0000ff\">\u015eayet Do\u011fruysa Bunca Y\u0131l Direnmek M\u00fcmk\u00fcn Olur Muydu<\/span><\/p>\n<p>Bat\u0131l\u0131lar\u0131n Suriye devletinin insanlar\u0131 geli\u015fi g\u00fczel katletti\u011fi ve y\u00f6netim kar\u015f\u0131tlar\u0131na a\u011f\u0131r i\u015fkence yapt\u0131\u011f\u0131 iddialar\u0131na ili\u015fkin soruya cevab\u0131nda el Esad; bu iddialar\u0131n mant\u0131kla hi\u00e7bir ilgisi olmad\u0131\u011f\u0131n\u0131 ifade etti.<\/p>\n<p>El Esad; devletin \u015fayet ger\u00e7ekten insanlar\u0131 geli\u015fi g\u00fczel \u00f6ld\u00fcr\u00fcyor olmas\u0131 ve a\u011f\u0131r i\u015fkence yapmas\u0131 durumunda bu derecede halk deste\u011fine sahip olmas\u0131n\u0131n m\u00fcmk\u00fcn olmad\u0131\u011f\u0131n\u0131 belirtti.<\/p>\n<p>Halk\u0131n\u0131 katleden ve ona i\u015fkence eden bir h\u00fck\u00fcmetin halk deste\u011fini korumas\u0131n\u0131n m\u00fcmk\u00fcn olmad\u0131\u011f\u0131n\u0131 ifade eden el Esad; halk\u0131n deste\u011fi olmadan da d\u00fcnyan\u0131n \u00f6nde gelen g\u00fc\u00e7lerinin destekledi\u011fi ter\u00f6re kar\u015f\u0131 bunca zamand\u0131r m\u00fccadele etmenin de kesinlikle m\u00fcmk\u00fcn olmad\u0131\u011f\u0131n\u0131n alt\u0131n\u0131 \u00e7izdi.<\/p>\n<p><span style=\"color: #0000ff\">Her Sava\u015f K\u00f6t\u00fcd\u00fcr<\/span><\/p>\n<p>Sava\u015f kurbanlar\u0131 konusunda ise el Esad sava\u015f\u0131n iyisi yada k\u00f6t\u00fcs\u00fcn\u00fcn olmad\u0131\u011f\u0131n\u0131, her sava\u015f\u0131n ku\u015fkusuz ac\u0131l\u0131 ve k\u00f6t\u00fc oldu\u011funu belirtti. Ama\u00e7 ne olursa olsun iyi sava\u015f\u0131n olmayaca\u011f\u0131n\u0131 ifade eden el Esad; mant\u0131kl\u0131 herkesin elinden geldi\u011fi kadar sava\u015ftan uzak duraca\u011f\u0131n\u0131 s\u00f6yledi.<\/p>\n<p>Fakat sava\u015f dayat\u0131ld\u0131\u011f\u0131nda vatan i\u00e7in bu sava\u015fa girmenin de ka\u00e7\u0131n\u0131lmaz oldu\u011funa dikkat \u00e7ekerken, tarih boyunca her sava\u015f\u0131n da masum kurbanlar\u0131 oldu\u011funu ifade etti. El Esad Suriye devleti ve ordusunun kesinlikle hi\u00e7bir b\u00f6lgede kas\u0131tl\u0131 olarak sivilleri hedef almad\u0131\u011f\u0131n\u0131, hatta bir k\u0131s\u0131m b\u00f6lgelerde sivillere zarar gelmesin diye de \u00f6nemli operasyonlar\u0131n ertelendi\u011fini ya da iptal edilmek zorunda kal\u0131nd\u0131\u011f\u0131n\u0131 vurgulad\u0131.<\/p>\n<p><span style=\"color: #0000ff\">Suriye\u2019yi Terk Eden Her Suriyeli Suriye \u0130\u00e7in Bir Kay\u0131pt\u0131r <\/span><\/p>\n<p>Cumhurba\u015fkan\u0131 el Esad; Avrupa\u2019ya ka\u00e7an y\u00fczbinlerce Suriyelinin g\u00f6r\u00fcnt\u00fclerini g\u00f6rd\u00fc\u011f\u00fc zaman b\u00fcy\u00fck \u00fcz\u00fcnt\u00fc duydu\u011funu belirterek Suriye\u2019den ayr\u0131lan her Suriyelinin arkas\u0131nda h\u00fcz\u00fcnl\u00fc bir hik\u00e2ye oldu\u011funa, bunun da Suriye\u2019nin kriz s\u0131ras\u0131nda ya\u015fad\u0131\u011f\u0131 s\u0131k\u0131nt\u0131 ve ac\u0131lar\u0131 yans\u0131tt\u0131\u011f\u0131na dikkat \u00e7ekti.<\/p>\n<p>Suriye\u2019den ayr\u0131lan her \u015fahs\u0131n Suriye\u2019nin kaybetti\u011fi bir insan kayna\u011f\u0131 oldu\u011funa i\u015faret eden el Esad, dolay\u0131s\u0131yla bunun \u00fclkenin toplumsal yap\u0131s\u0131na zarar verece\u011fini ifade etti.<\/p>\n<p>Cumhurba\u015fkan\u0131, Avrupal\u0131lar\u0131n \u201cbu insanlar \u00fclkelerini neden terk ediyor?\u201d sorusunu sormas\u0131 gerekti\u011fine de\u011finerek bu nedenlerin ba\u015f\u0131nda her yerde ter\u00f6ristlerin her t\u00fcrl\u00fc sald\u0131r\u0131s\u0131na maruz kalmalar\u0131n\u0131n geldi\u011fini s\u00f6yledi.<\/p>\n<p>Suriyelilerin \u00fclkelerini terk etmelerinin bir di\u011fer nedenin Avrupa\u2019n\u0131n Suriye\u2019ye dayatt\u0131\u011f\u0131 ve ter\u00f6ristlerin i\u015fine yarayan ambargo oldu\u011funa dikkat \u00e7eken el Esad, bir\u00e7ok Suriyelinin temel ihtiya\u00e7lar\u0131n\u0131 kar\u015f\u0131layamayacak duruma d\u00fc\u015fmesi nedeniyle \u00fclkeyi terk etti\u011fini belirtti.<\/p>\n<p>\u201cLiderleri olarak onlar\u0131 hayal k\u0131r\u0131kl\u0131\u011f\u0131na u\u011fratt\u0131\u011f\u0131n\u0131z i\u00e7in ka\u00e7t\u0131klar\u0131 s\u00f6yleniyor\u201d sorusu \u00fczerine Cumhurba\u015fkan\u0131; \u201cben mi onlar\u0131 hayal k\u0131r\u0131kl\u0131\u011f\u0131na u\u011fratm\u0131\u015f\u0131m? Alt yap\u0131lar\u0131n\u0131 y\u0131kan ben de\u011filim. Ter\u00f6ristlere \u00f6ld\u00fcrmeleri ve yak\u0131p y\u0131kmalar\u0131 i\u00e7in silah veren de ben de\u011filim. Bunu Avrupa, Suudi Arabistan ve Katar yapt\u0131\u201d diye konu\u015ftu.<\/p>\n<p>Avrupa\u2019n\u0131n Suriyeli m\u00fclteciler konusunda yapmas\u0131 gerekenler ve bu insanlar\u0131n \u00fcrk\u00fct\u00fcc\u00fc olup olmad\u0131 konusunda ise el Esad, bu insanlar\u0131n b\u00fcy\u00fck bir \u00e7o\u011funlu\u011funun Suriyeli olmad\u0131\u011f\u0131n\u0131, Suriyelilerin b\u00fcy\u00fck bir k\u0131sm\u0131n\u0131n iyi ve vatansever insanlar olduklar\u0131n\u0131 belirterek aralar\u0131na ter\u00f6ristlerin s\u0131zm\u0131\u015f olabilece\u011fine dikkat \u00e7ekti.<\/p>\n<p>M\u00fcltecilerden korkmak m\u0131 yoksa onlara yard\u0131m etmek mi gerekti\u011fine ili\u015fkin soruya yan\u0131t\u0131nda el Esad, bu konunun Avrupal\u0131lar\u0131n m\u00fcltecilere bak\u0131\u015f a\u00e7\u0131s\u0131na ba\u011fl\u0131 oldu\u011funa de\u011finerek \u201c\u00e7\u00fcnk\u00fc ter\u00f6rden de\u011fil k\u00fclt\u00fcrden bahsediyoruz. Sorun Avrupa\u2019n\u0131n bu k\u00fclt\u00fcrleri kendi toplumuna entegre etme y\u00f6ntemiyle alakal\u0131. Kan\u0131mca Avrupa bu konuda ba\u015far\u0131s\u0131z oldu ya da Vahhabi kurumlar\u0131 \u0130slam\u2019\u0131 \u00e7arp\u0131tmak i\u00e7in b\u00fcy\u00fck paralar harc\u0131yor.\u201d<\/p>\n<p>Bu b\u00f6lgenin Avrupa\u2019ya bir d\u00f6nem a\u015f\u0131r\u0131c\u0131l\u0131\u011f\u0131 ihra\u00e7 etti\u011fini, Suriye krizi s\u0131ras\u0131nda ise Avrupa\u2019n\u0131n b\u00f6lgeye a\u015f\u0131r\u0131c\u0131l\u0131k ihra\u00e7 etmeye ba\u015flad\u0131\u011f\u0131n\u0131 s\u00f6yleyen el Esad, dolay\u0131s\u0131yla bu konunun b\u00fcy\u00fck \u00f6l\u00e7\u00fcde sorunun ele al\u0131n\u0131\u015f \u015fekline ba\u011fl\u0131 oldu\u011funu, bu k\u00fclt\u00fcr\u00fcn entegre edilmesinin de kolay olmayaca\u011f\u0131n\u0131 ifade etti.<\/p>\n<p>Cumhurba\u015fkan\u0131 el Esad, Suriye\u2019de en \u00e7ok laikli\u011fi korumaya \u00e7al\u0131\u015ft\u0131\u011f\u0131na dikkat \u00e7ekerek Suriye\u2019nin i\u00e7inde farkl\u0131 bir\u00e7ok mezhepsel ve etnik gruplar\u0131 eriten bir potadan ibaret oldu\u011fu, bu nedenleSuriye\u2019deki laikli\u011fin bat\u0131da ve \u00f6zellikle Fransa\u2019da baz\u0131lar\u0131n\u0131n anlad\u0131\u011f\u0131ndan farkl\u0131 oldu\u011funun alt\u0131n\u0131 \u00e7izdi.<\/p>\n<p>Laikli\u011fin din kar\u015f\u0131tl\u0131\u011f\u0131 olmad\u0131\u011f\u0131n\u0131, aksine din, mezhep ve \u0131rklar\u0131n \u00f6zg\u00fcrl\u00fc\u011f\u00fc anlam\u0131na geldi\u011fine i\u015faret eden el Esad, laiklik olmadan d\u00fcnyan\u0131n as\u0131rlard\u0131r tan\u0131d\u0131\u011f\u0131 Suriye\u2019nin varl\u0131\u011f\u0131ndan s\u00f6z edilemeyece\u011fine vurgu yapt\u0131.<\/p>\n<p>El Esad, \u0131l\u0131ml\u0131l\u0131\u011f\u0131n korumaya \u00e7al\u0131\u015ft\u0131klar\u0131 ikinci \u00f6nemli konu oldu\u011funa de\u011finerek \u0131l\u0131ml\u0131l\u0131k olmadan az \u00f6nce bahsetti\u011fi potan\u0131n var olamayaca\u011f\u0131n\u0131n alt\u0131n\u0131 \u00e7izdi.<\/p>\n<p>Ter\u00f6ristlerin \u015fu an Suriye\u2019de ho\u015fg\u00f6r\u00fcy\u00fc bilmeyen bir nesil yaratmaya \u00e7al\u0131\u015ft\u0131\u011f\u0131nai\u015faret eden el Esad, bu yeni neslin katil, radikal \u0130slamc\u0131, ba\u015fkalar\u0131n\u0131 \u00f6teleyen bir nesil olaca\u011f\u0131n\u0131 ifade etti.<\/p>\n<p><span style=\"color: #0000ff\">Geriye D\u00f6nme \u0130mk\u00e2n\u0131 Olsa Ba\u015fta Erdo\u011fan Olmak \u00dczere G\u00fcvendi\u011fimiz Ki\u015filere Ayn\u0131 G\u00fcveni Duymazd\u0131k <\/span><\/p>\n<p>Son be\u015f y\u0131l i\u00e7inde ald\u0131\u011f\u0131 ve imk\u00e2n\u0131 olsa de\u011fi\u015ftirmek istedi\u011fi karar\u0131n ne oldu\u011funa ili\u015fkin soruyu kar\u015f\u0131l\u0131k el Esad, \u201cen b\u00fcy\u00fck sorun Suriye i\u00e7inde ve d\u0131\u015f\u0131nda g\u00fcvenmemiz gereken Erdo\u011fan ba\u015fta olmak \u00fczere bir\u00e7ok ki\u015fiye g\u00fcvendik. Bununla birlikte kriz d\u00f6neminde g\u00fcvendi\u011fimiz \u00e7ok say\u0131da Suriyelinin gerici ve a\u015f\u0131r\u0131c\u0131l\u0131k yanl\u0131s\u0131 oldu\u011funu, M\u00fcsl\u00fcman karde\u015fler ideolojisini ta\u015f\u0131d\u0131klar\u0131n\u0131 birk\u0131sm\u0131n\u0131n ise Kaide\u2019ye mensup oldu\u011funu ve \u015fu an ellerinde silahla \u00e7at\u0131\u015ft\u0131klar\u0131n\u0131 ke\u015ffettik. Ba\u015fta vatan\u0131n \u00e7\u0131karlar\u0131 i\u00e7in \u00e7al\u0131\u015ft\u0131klar\u0131n\u0131 sanm\u0131\u015ft\u0131k ve bu da sorunun temelini olu\u015fturuyor\u201d dedi.<\/p>\n<p>El Esad, temel stratejinin diyalog ve ter\u00f6rle m\u00fccadele olmak \u00fczere iki temele dayand\u0131\u011f\u0131n\u0131, bu iki temelin de\u011fi\u015fmeyece\u011fini ve bu ger\u00e7e\u011fi de\u011fi\u015ftirmeyece\u011fini vurgulayarak iki konuda da e\u015f zamanl\u0131 \u00e7al\u0131\u015fmak gerekti\u011finin alt\u0131n\u0131 \u00e7izdi.<\/p>\n<p>\u00c7ek Cumhuriyeti\u2019ninSuriye krizi konusundaki tutumuna de\u011finen el Esad, \u00c7ek Cumhuriyetinin samimi, do\u011fru ve devlet adamlar\u0131na yak\u0131\u015fan bir tutum ald\u0131\u011f\u0131n\u0131 baz\u0131 Avrupa \u00fclkeleri ve ABD\u2019nin bask\u0131lar\u0131na ra\u011fmen ba\u011f\u0131ms\u0131z tutumunu s\u00fcrd\u00fcrd\u00fc\u011f\u00fcn\u00fc s\u00f6yleyerek Avrupa h\u00fck\u00fcmetlerinin \u015fu an \u00c7ek Cumhuriyetinin Suriye \u00e7izgisine geldi\u011fini ve do\u011fru \u00e7izgiye d\u00f6nmek i\u00e7in onun yard\u0131m\u0131na ihtiya\u00e7 duyduklar\u0131n\u0131 belirtti.<\/p>\n<p><span style=\"color: #0000ff\">Bar\u0131\u015f Konferans\u0131n\u0131n Prag\u2019da Yap\u0131lmas\u0131 Fikri Ger\u00e7ek\u00e7i Bir Yakla\u015f\u0131m <\/span><\/p>\n<p>\u00c7ek Cumhuriyeti Ba\u015fkan\u0131 MilosZeman\u2019\u0131n Prag\u2019da bir Suriye bar\u0131\u015f anla\u015fmas\u0131 imzalanabilece\u011fine ili\u015fkin a\u00e7\u0131klamalar\u0131 konusunda ise el Esad, Suriye krizini \u00e7\u00f6zmeye d\u00f6n\u00fck her \u00e7abay\u0131 ve \u00f6zellikle g\u00fcvenilir olan bir h\u00fck\u00fcmetten gelmesi durumunda desteklediklerini s\u00f6yleyerek bu h\u00fck\u00fcmetle i\u015fbirli\u011fi yapmaktan mutluluk duyacaklar\u0131n\u0131 dile getirdi.<\/p>\n<p>Bar\u0131\u015f konferans\u0131n\u0131n Prag\u2019dayap\u0131lmas\u0131 fikrinin tamamen ger\u00e7ek\u00e7i oldu\u011funa i\u015faret eden el Esad, \u201c\u00f6rne\u011fin Suriyelilere sorarsan\u0131z Fransa\u2019da bar\u0131\u015f g\u00f6r\u00fc\u015fmeleri yap\u0131lamaz \u00e7\u00fcnk\u00fc Fransa bar\u0131\u015fa de\u011fil ter\u00f6re ve sava\u015fa destek veriyor diyecektir. Fakat \u00c7ek Cumhuriyetinin tutarl\u0131 tutumu nedeniyle Prag\u2019da d\u00fczenlenmesine destek verecektir\u201d diye konu\u015ftu.<\/p>\n<p>Suriye\u2019de son y\u0131llarda ya\u015fanan vah\u015fet ve korkun\u00e7 cinayetler nedeniyle s\u00fcrekli \u00fcz\u00fcnt\u00fc ya\u015fad\u0131\u011f\u0131n\u0131 ve insanlar\u0131n ac\u0131lar\u0131n\u0131 her g\u00fcn, her saat hissetti\u011fini belirterek fakat ayn\u0131 zamanda Suriyelilerin bunu olaylar\u0131n yaratt\u0131\u011f\u0131 meydan okumalardan biri olarak alg\u0131lad\u0131\u011f\u0131n\u0131 s\u00f6yledi.<\/p>\n<p>Suriye halk\u0131n\u0131n b\u00fcy\u00fck bir iradeye sahip oldu\u011funu ifade eden el Esad, \u00f6zellikle \u015fehit ailelerinin normal ya\u015famlar\u0131n\u0131 s\u00fcrd\u00fcrmeye \u00e7al\u0131\u015ft\u0131klar\u0131n\u0131 bu nedenle h\u00fczne kap\u0131lamayaca\u011f\u0131n\u0131 ve ya\u015fam\u0131n\u0131 s\u00fcrd\u00fcr\u00fcp insanlara umut vermesi gerekti\u011finin alt\u0131n\u0131 \u00e7izdi.<\/p>\n<p>Cumhurba\u015fkan\u0131 el Esad, Suriye\u2019nin on y\u0131l sonra ki durumuna de\u011finirken \u00f6nlerindeki tek se\u00e7ene\u011fin ter\u00f6r\u00fc yenmek oldu\u011funu ve ba\u015fka bir yol bulunmad\u0131\u011f\u0131n\u0131 belirterek bununla birlikte laik d\u00fczeni ve \u00e7e\u015fitli mezheplerini korumak, Suriyelilerin siyasi rejim ve geleceklerine ili\u015fkin isteklerini ger\u00e7ekle\u015ftirmek i\u00e7in reformlar yapmak gerekti\u011fini ekledi.<\/p>\n<p><span style=\"color: #0000ff\">Sava\u015f\u0131n Ortas\u0131nda Ba\u015fkanl\u0131\u011f\u0131 B\u0131rakaca\u011f\u0131m Demek Vatana \u0130hanettir<\/span><\/p>\n<p>El Esad, hi\u00e7bir zaman mevki ve makama \u00f6nem vermedi\u011fine dikkat \u00e7ekerek bug\u00fcn de ayn\u0131 \u015fekilde mevki ve makam\u0131 \u00f6nemsemedi\u011fini gelecekte de \u00f6nemsemeyece\u011fini ifade etti.<\/p>\n<p>El Esad s\u00f6zlerini, \u201cbu Suriye halk\u0131n\u0131n istekleriyle alakal\u0131. \u015eu an bir sava\u015f\u0131n ortas\u0131nday\u0131z ve Suriye halk\u0131 istemedik\u00e7e ne sebeple olursa olsun y\u00f6netimi b\u0131rakaca\u011f\u0131m diyemem. \u00c7\u00fcnk\u00fc sava\u015f durumunda \u00fclkemi korumakla y\u00fck\u00fcml\u00fcy\u00fcm aksi takdirde bu vatan ihanet say\u0131l\u0131r. Buda benim ve Suriyeliler a\u00e7\u0131s\u0131ndan kabul edilemez\u201d diyerek s\u00fcrd\u00fcrd\u00fc.<\/p>\n<p>Be\u015f y\u0131ld\u0131r devam eden ba\u015fkanl\u0131\u011f\u0131 b\u0131rakaca\u011f\u0131na dair tart\u0131\u015fmalara ra\u011fmen hala y\u00f6netimin ba\u015f\u0131nda bulunmas\u0131n\u0131 halk\u0131n deste\u011fine ba\u011flayan el Esad, halk deste\u011fi olmadan ba\u015far\u0131 sa\u011flanamayaca\u011f\u0131n\u0131n alt\u0131n\u0131 \u00e7izdi.<\/p>\n<p>El Esad, krizin ba\u015f\u0131ndan itibaren Suriyelilere kar\u015f\u0131 net ve a\u00e7\u0131k oldu\u011funa i\u015faret ederek \u201cben a\u00e7\u0131k bir insan\u0131m. \u0130nsanlar\u0131n vatanlar\u0131n\u0131 korumak i\u00e7in sava\u015ft\u0131klar\u0131n\u0131 ve senin onlarla birlikte sava\u015ft\u0131\u011f\u0131n\u0131 bilmeleri \u00e7ok \u00f6nemli. Ben kendim i\u00e7in veya ba\u015fkanl\u0131k i\u00e7in sava\u015fm\u0131yorum yada insanlar benim ba\u015fkan olarak kalmam i\u00e7in sava\u015fm\u0131yor. \u0130nsanlar canlar\u0131n\u0131 bunun i\u00e7in feda etmiyor\u201d dedi.<\/p>\n<p>El Esad, Suriye\u2019de bar\u0131\u015f\u0131n ancak Fransa, \u0130ngiltere, ABD, Suudi Arabistan, Katar ve di\u011fer \u00fclkeler ter\u00f6ristlere deste\u011fini kesti\u011fi zaman sa\u011flanabilece\u011fini belirterek ter\u00f6ristlere verilen deste\u011fin son bulmas\u0131yla birlikte Suriye\u2019de durumlar\u0131n de\u011fi\u015fece\u011fini, birka\u00e7 ay i\u00e7inde daha iyi olaca\u011f\u0131n\u0131 ve kapsaml\u0131 bar\u0131\u015f\u0131n sa\u011flanaca\u011f\u0131n\u0131 s\u00f6yledi.<\/p>\n<p>El Esad, t\u00fcm zorluklara ra\u011fmen zafere ula\u015facaklar\u0131na inand\u0131klar\u0131n\u0131 vurgulayarak fakat bunun ne zaman olaca\u011f\u0131 sorusuna cevap vermenin g\u00fc\u00e7 oldu\u011funu ifade etti.<\/p>\n<p>https:\/\/www.youtube.com\/watch?v=XHsCn_q69LI<\/p>\n","protected":false},"excerpt":{"rendered":"<p>\u015eAM \u2013 Cumhurba\u015fkan\u0131 Be\u015f\u015far el Esad \u00c7ek Cumhuriyeti resmi televizyonunun bug\u00fcn yay\u0131nlad\u0131\u011f\u0131 r\u00f6portaj\u0131nda ter\u00f6rle m\u00fccadelede her \u015feyden \u00f6nce deste\u011fin kesilmesi gerekti\u011fini vurgularken, T\u00fcrkiye&#8217;nin Suriye hava sahas\u0131nda Rus u\u00e7a\u011f\u0131n\u0131 d\u00fc\u015f\u00fcrmesinin, Erdo\u011fan\u2019\u0131n kontrol\u00fc kaybetti\u011fini ortaya koydu\u011funu ifade etti. Burada da Ama\u00e7 \u0130nsanlar\u0131n Ya\u015famlar\u0131n\u0131 Kurtarmakt\u0131r G\u00f6z doktoru mesle\u011fini en kan oldu\u011fu i\u00e7in se\u00e7ti\u011fini, Suriye&#8217;deki krizde de d\u00fcnyan\u0131n en &hellip;<\/p>\n","protected":false},"author":1,"featured_media":54077,"comment_status":"closed","ping_status":"closed","sticky":false,"template":"","format":"standard","meta":{"footnotes":""},"categories":[479,611,605,2554,2555,478],"tags":[17922],"class_list":["post-54032","post","type-post","status-publish","format-standard","has-post-thumbnail","","category-haberler-yerel","category-roportaj","category-sayin-cumhurbaskani","category-suriye-ve-dunya","category-suriye-ve-turkiye","category-yerel","tag-erdogan-ve-rejimi-terorle-mucadele-tekerine-comak-sokmaya-calisiyor"],"_links":{"self":[{"href":"https:\/\/archive.sana.sy\/tr\/index.php?rest_route=\/wp\/v2\/posts\/54032","targetHints":{"allow":["GET"]}}],"collection":[{"href":"https:\/\/archive.sana.sy\/tr\/index.php?rest_route=\/wp\/v2\/posts"}],"about":[{"href":"https:\/\/archive.sana.sy\/tr\/index.php?rest_route=\/wp\/v2\/types\/post"}],"author":[{"embeddable":true,"href":"https:\/\/archive.sana.sy\/tr\/index.php?rest_route=\/wp\/v2\/users\/1"}],"replies":[{"embeddable":true,"href":"https:\/\/archive.sana.sy\/tr\/index.php?rest_route=%2Fwp%2Fv2%2Fcomments&post=54032"}],"version-history":[{"count":0,"href":"https:\/\/archive.sana.sy\/tr\/index.php?rest_route=\/wp\/v2\/posts\/54032\/revisions"}],"wp:featuredmedia":[{"embeddable":true,"href":"https:\/\/archive.sana.sy\/tr\/index.php?rest_route=\/wp\/v2\/media\/54077"}],"wp:attachment":[{"href":"https:\/\/archive.sana.sy\/tr\/index.php?rest_route=%2Fwp%2Fv2%2Fmedia&parent=54032"}],"wp:term":[{"taxonomy":"category","embeddable":true,"href":"https:\/\/archive.sana.sy\/tr\/index.php?rest_route=%2Fwp%2Fv2%2Fcategories&post=54032"},{"taxonomy":"post_tag","embeddable":true,"href":"https:\/\/archive.sana.sy\/tr\/index.php?rest_route=%2Fwp%2Fv2%2Ftags&post=54032"}],"curies":[{"name":"wp","href":"https:\/\/api.w.org\/{rel}","templated":true}]}}