{"id":5405,"date":"2014-07-18T12:10:57","date_gmt":"2014-07-18T09:10:57","guid":{"rendered":"http:\/\/www.sana.sy\/tr\/?p=5405"},"modified":"2014-07-18T15:32:07","modified_gmt":"2014-07-18T12:32:07","slug":"teroristlerin-guvenli-bolgelere-sizma-girisimleri-cokertiliyor","status":"publish","type":"post","link":"https:\/\/archive.sana.sy\/tr\/?p=5405","title":{"rendered":"Ter\u00f6ristlerin G\u00fcvenli B\u00f6lgelere S\u0131zma Giri\u015fimleri \u00c7\u00f6kertiliyor"},"content":{"rendered":"<p>\u0130LLER \u2013 Kahraman ordu birliklerimizin kiral\u0131k ter\u00f6ristleri kovalama operasyonlar\u0131n\u0131 t\u00fcm h\u0131z\u0131yla ve kararl\u0131l\u0131kla s\u00fcrd\u00fcr\u00fcyor.<\/p>\n<p><span style=\"color: #0000ff\">Kunaytra K\u0131rsal\u0131nda Baz\u0131 Ter\u00f6ristler \u00d6ld\u00fcr\u00fcld\u00fc Ara\u00e7lar\u0131 \u0130mha Edildi<\/span><\/p>\n<p>Ordu ve silahl\u0131 kuvvetlerimize tabi birliklerimiz Bir Acem\u2019den Ayn el Derb y\u00f6n\u00fcne do\u011fru hareketlenen ve Macdolya Beldesinde silahl\u0131 ter\u00f6r grubu elemanlar\u0131n\u0131 \u00f6l\u00fc ve yaral\u0131 d\u00fc\u015f\u00fcrd\u00fc se\u00e7 edatlar\u0131n\u0131 da imha etti.<\/p>\n<p>Askeri kaynak, Resm el Akra\u2019n\u0131n bat\u0131s\u0131nda a\u011f\u0131r taramal\u0131 silahla donat\u0131lm\u0131\u015f bir ara\u00e7 ile Kodna Baraj\u0131 \u00e7evresinde hareketlenen ba\u015fka bir arac\u0131 i\u00e7indeki ter\u00f6ristlerle birlikte etkisiz hale getirdiklerini s\u00f6yledi.<\/p>\n<p>Halep\u2019te \u00c7ok Say\u0131da Ter\u00f6rist \u00d6l\u00fc ve Yaral\u0131 D\u00fc\u015f\u00fcr\u00fcld\u00fc<\/p>\n<p>Ordu birliklerimiz Halep\u2019te \u00e7ok say\u0131da silahl\u0131 ter\u00f6risti \u00f6l\u00fc ve yaral\u0131 d\u00fc\u015f\u00fcrd\u00fc aralar\u0131nda a\u011f\u0131r taramal\u0131 silahlar\u0131n monte edildi\u011fi ara\u00e7lar\u0131n bulundu\u011fu bir \u00e7ok ara\u00e7lar\u0131n\u0131 da imha etti.<\/p>\n<p>Kaynak, ordu birliklerinin Halep ve k\u0131rsal\u0131ndaki Ramuse, eski Halep, Bustan el Ba\u015fa, Mellaz Arazisi, Tel Cebin, Beyanun, Pedro Da\u011f\u0131, Merce, Tel Aren ve \u0130nzarat\u2019ta \u00e7ok say\u0131da ter\u00f6ristin \u00f6l\u00fc ve yaral\u0131 d\u00fc\u015f\u00fcr\u00fcld\u00fc\u011f\u00fcn\u00fc ter\u00f6ristlere ait ara\u00e7lar\u0131n ise imha edildi\u011fini s\u00f6yledi.<\/p>\n<p>Kaynak, Halep k\u0131rsal\u0131 Resm el Abbbud\u2019da i\u00e7indeki ter\u00f6ristlerle birlikte iki arac\u0131, \u015eeyh Ahmet\u2019de de bir t\u0131r arac\u0131n\u0131 imha ettiklerini ekledi.<\/p>\n<p><span style=\"color: #0000ff\">\u0130dlib K\u0131rsal\u0131nda Operasyonlar Ba\u015far\u0131yla S\u00fcr\u00fcyor<\/span><\/p>\n<p>Askeri kaynak ordu birliklerimizin \u0130dlib k\u0131rsal\u0131n\u0131n B\u015feyriye, Melend, Cdeyde, Dveyr el Akrad, Sermaniye, Kensafra, Serca, Zeyta, Kefroma, Telmenes, Bat\u0131 Deyr, Maar\u015forin, Cercanaz, Maar\u015fmarin, bara, Bzabur, Kefar Lata ve Cebel el Arbain civarlar\u0131nda ter\u00f6ristlerin k\u00fcmelenme yerleri, karargahlar\u0131 ve cephaneliklerini hedef ald\u0131klar\u0131n\u0131 belirtti.<\/p>\n<p>Kaynak operasyonlarda aralar\u0131nda yabanc\u0131 ve az\u0131l\u0131 eleba\u015flar\u0131n bulundu\u011fu onlarca ter\u00f6ristin etkisiz hale getirildi\u011fini, ara\u00e7 ve cephaneliklerinin de imha edildi\u011fini aktard\u0131.<\/p>\n<p>\u00d6te yandan kaynak ordu birliklerimizin \u0130dlib k\u0131rsal\u0131n\u0131n Benni\u015f Beldesi kenarlar\u0131nda \u2018Cund el Aksa\u2019 (Aksa Askerleri) olarak bilinen ter\u00f6r \u00e7etelerine ait bir karargah\u0131 i\u00e7indeki ter\u00f6ristlerle birlikte imha etti. Operasyonda bir k\u0131sm\u0131 a\u011f\u0131r makineli silahlarla donat\u0131lm\u0131\u015f bir\u00e7ok ara\u00e7lar\u0131 da imha edilirken, geneli yabanc\u0131 olan onlarca ter\u00f6rist \u00f6l\u00fc yaral\u0131 d\u00fc\u015f\u00fcr\u00fcld\u00fc.<\/p>\n<p><span style=\"color: #0000ff\">Homs\u2019ta Ter\u00f6ristlerin S\u0131zma Giri\u015fimleri \u00c7\u00f6kertildi<\/span><\/p>\n<p>Ordu birliklerimiz, silahl\u0131 ter\u00f6r gruplar\u0131n\u0131n Homs k\u0131rsal\u0131 Sultaniye ve Selam Garbi K\u00f6ylerinden Ebu el Alaya K\u00f6y\u00fcne s\u0131zma giri\u015fimlerini \u00e7\u00f6kertti \u00e7ok say\u0131da ter\u00f6risti \u00f6ld\u00fcrd\u00fc ter\u00f6ristlere ait bir buldozer ve bir motosikletlerini de imha etti\u011fini s\u00f6yledi.<\/p>\n<p>Kaynak, ordu birliklerimizin Homs k\u0131rsal\u0131 Um \u015eer\u015fuh K\u00f6y\u00fcne do\u011fru giden ter\u00f6ristlere ait iki buldozer, a\u011f\u0131r taramal\u0131 silahla donat\u0131lm\u0131\u015f iki ara\u00e7 ve bir servis arac\u0131 i\u00e7indeki ter\u00f6ristlerle birlikte etkisiz hale getirildiklerine dikkat \u00e7ekti.<\/p>\n<p><span style=\"color: #0000ff\">Dera K\u0131rsal\u0131nda Ter\u00f6ristlerin S\u0131zma Giri\u015fimleri \u00c7\u00f6kertilerek A\u011f\u0131r Kay\u0131plara U\u011frat\u0131ld\u0131<\/span><\/p>\n<p>Askeri Kaynak SANA\u2019ya a\u00e7\u0131klamas\u0131nda, ordu birliklerimizin Dera k\u0131rsal\u0131nda silahl\u0131 ter\u00f6r gruplar\u0131n\u0131n g\u00fcvenli iki b\u00f6lgeye s\u0131zma giri\u015fimlerini \u00e7\u00f6kertti\u011fini elemanlar\u0131n\u0131 \u00f6l\u00fc ve yaral\u0131 d\u00fc\u015f\u00fcrd\u00fc\u011f\u00fcn\u00fc belirtti.<\/p>\n<p>Kaynak ilk s\u0131zma giri\u015fiminin Busra el \u015eam ikincisinin ise Anhel\u2019den Tel el S\u00fcreyya- Faki y\u00f6n\u00fcnde do\u011fru oldu\u011funu a\u00e7\u0131klad\u0131.<br \/>\nKaynak, ordu birliklerimizin Anhel Belediyesi sahas\u0131, Yaduda Camiinin do\u011fusu, Kessara B\u00f6lgesi, Semlin- Zemrin yol kav\u015fa\u011f\u0131 ve Naime Beldesindeki Center\u2019in do\u011fusunda ter\u00f6rist gruplar\u0131 hedef alarak \u00e7ok say\u0131da ter\u00f6risti \u00f6l\u00fc ve yaral\u0131 d\u00fc\u015f\u00fcrd\u00fc\u011f\u00fcn\u00fc s\u00f6yledi.<\/p>\n","protected":false},"excerpt":{"rendered":"<p>\u0130LLER \u2013 Kahraman ordu birliklerimizin kiral\u0131k ter\u00f6ristleri kovalama operasyonlar\u0131n\u0131 t\u00fcm h\u0131z\u0131yla ve kararl\u0131l\u0131kla s\u00fcrd\u00fcr\u00fcyor. Kunaytra K\u0131rsal\u0131nda Baz\u0131 Ter\u00f6ristler \u00d6ld\u00fcr\u00fcld\u00fc Ara\u00e7lar\u0131 \u0130mha Edildi Ordu ve silahl\u0131 kuvvetlerimize tabi birliklerimiz Bir Acem\u2019den Ayn el Derb y\u00f6n\u00fcne do\u011fru hareketlenen ve Macdolya Beldesinde silahl\u0131 ter\u00f6r grubu elemanlar\u0131n\u0131 \u00f6l\u00fc ve yaral\u0131 d\u00fc\u015f\u00fcrd\u00fc se\u00e7 edatlar\u0131n\u0131 da imha etti. Askeri kaynak, Resm &hellip;<\/p>\n","protected":false},"author":1,"featured_media":5406,"comment_status":"closed","ping_status":"closed","sticky":false,"template":"","format":"standard","meta":{"footnotes":""},"categories":[575],"tags":[1173],"class_list":["post-5405","post","type-post","status-publish","format-standard","has-post-thumbnail","","category-olaylar-ve-gercekler","tag-teroristlerin-guvenli-bolgelere-sizma-girisimleri-cokertiliyor"],"_links":{"self":[{"href":"https:\/\/archive.sana.sy\/tr\/index.php?rest_route=\/wp\/v2\/posts\/5405","targetHints":{"allow":["GET"]}}],"collection":[{"href":"https:\/\/archive.sana.sy\/tr\/index.php?rest_route=\/wp\/v2\/posts"}],"about":[{"href":"https:\/\/archive.sana.sy\/tr\/index.php?rest_route=\/wp\/v2\/types\/post"}],"author":[{"embeddable":true,"href":"https:\/\/archive.sana.sy\/tr\/index.php?rest_route=\/wp\/v2\/users\/1"}],"replies":[{"embeddable":true,"href":"https:\/\/archive.sana.sy\/tr\/index.php?rest_route=%2Fwp%2Fv2%2Fcomments&post=5405"}],"version-history":[{"count":0,"href":"https:\/\/archive.sana.sy\/tr\/index.php?rest_route=\/wp\/v2\/posts\/5405\/revisions"}],"wp:featuredmedia":[{"embeddable":true,"href":"https:\/\/archive.sana.sy\/tr\/index.php?rest_route=\/wp\/v2\/media\/5406"}],"wp:attachment":[{"href":"https:\/\/archive.sana.sy\/tr\/index.php?rest_route=%2Fwp%2Fv2%2Fmedia&parent=5405"}],"wp:term":[{"taxonomy":"category","embeddable":true,"href":"https:\/\/archive.sana.sy\/tr\/index.php?rest_route=%2Fwp%2Fv2%2Fcategories&post=5405"},{"taxonomy":"post_tag","embeddable":true,"href":"https:\/\/archive.sana.sy\/tr\/index.php?rest_route=%2Fwp%2Fv2%2Ftags&post=5405"}],"curies":[{"name":"wp","href":"https:\/\/api.w.org\/{rel}","templated":true}]}}