{"id":54071,"date":"2015-12-02T09:47:54","date_gmt":"2015-12-02T07:47:54","guid":{"rendered":"http:\/\/www.sana.sy\/tr\/?p=54071"},"modified":"2015-12-02T14:27:33","modified_gmt":"2015-12-02T12:27:33","slug":"rusya-disisleri-bakani-sergey-lavrov-moskovanin-suriyedeki-krize-siyasi-cozum-saglama-cabalarinda-viyana-gorusmelerine-bagliligini-surdurdugunu-belirtti","status":"publish","type":"post","link":"https:\/\/archive.sana.sy\/tr\/?p=54071","title":{"rendered":"Rusya D\u0131\u015fi\u015fleri Bakan\u0131 Sergey Lavrov; Moskova\u2019n\u0131n Suriye&#8217;deki krize siyasi \u00e7\u00f6z\u00fcm sa\u011flama \u00e7abalar\u0131nda Viyana g\u00f6r\u00fc\u015fmelerine ba\u011fl\u0131l\u0131\u011f\u0131n\u0131 s\u00fcrd\u00fcrd\u00fc\u011f\u00fcn\u00fc belirtti"},"content":{"rendered":"<p>Rusya D\u0131\u015fi\u015fleri Bakan\u0131 Sergey Lavrov; Moskova\u2019n\u0131n Suriye&#8217;deki krize siyasi \u00e7\u00f6z\u00fcm sa\u011flama \u00e7abalar\u0131nda Viyana g\u00f6r\u00fc\u015fmelerine ba\u011fl\u0131l\u0131\u011f\u0131n\u0131 s\u00fcrd\u00fcrd\u00fc\u011f\u00fcn\u00fc belirtti<\/p>\n","protected":false},"excerpt":{"rendered":"<p>Rusya D\u0131\u015fi\u015fleri Bakan\u0131 Sergey Lavrov; Moskova\u2019n\u0131n Suriye&#8217;deki krize siyasi \u00e7\u00f6z\u00fcm sa\u011flama \u00e7abalar\u0131nda Viyana g\u00f6r\u00fc\u015fmelerine ba\u011fl\u0131l\u0131\u011f\u0131n\u0131 s\u00fcrd\u00fcrd\u00fc\u011f\u00fcn\u00fc belirtti<\/p>\n","protected":false},"author":1,"featured_media":0,"comment_status":"closed","ping_status":"closed","sticky":false,"template":"","format":"standard","meta":{"footnotes":""},"categories":[1],"tags":[],"class_list":["post-54071","post","type-post","status-publish","format-standard","","category-news-not-sorted"],"_links":{"self":[{"href":"https:\/\/archive.sana.sy\/tr\/index.php?rest_route=\/wp\/v2\/posts\/54071","targetHints":{"allow":["GET"]}}],"collection":[{"href":"https:\/\/archive.sana.sy\/tr\/index.php?rest_route=\/wp\/v2\/posts"}],"about":[{"href":"https:\/\/archive.sana.sy\/tr\/index.php?rest_route=\/wp\/v2\/types\/post"}],"author":[{"embeddable":true,"href":"https:\/\/archive.sana.sy\/tr\/index.php?rest_route=\/wp\/v2\/users\/1"}],"replies":[{"embeddable":true,"href":"https:\/\/archive.sana.sy\/tr\/index.php?rest_route=%2Fwp%2Fv2%2Fcomments&post=54071"}],"version-history":[{"count":0,"href":"https:\/\/archive.sana.sy\/tr\/index.php?rest_route=\/wp\/v2\/posts\/54071\/revisions"}],"wp:attachment":[{"href":"https:\/\/archive.sana.sy\/tr\/index.php?rest_route=%2Fwp%2Fv2%2Fmedia&parent=54071"}],"wp:term":[{"taxonomy":"category","embeddable":true,"href":"https:\/\/archive.sana.sy\/tr\/index.php?rest_route=%2Fwp%2Fv2%2Fcategories&post=54071"},{"taxonomy":"post_tag","embeddable":true,"href":"https:\/\/archive.sana.sy\/tr\/index.php?rest_route=%2Fwp%2Fv2%2Ftags&post=54071"}],"curies":[{"name":"wp","href":"https:\/\/api.w.org\/{rel}","templated":true}]}}