{"id":5408,"date":"2014-07-17T12:26:02","date_gmt":"2014-07-17T09:26:02","guid":{"rendered":"http:\/\/www.sana.sy\/tr\/?p=5408"},"modified":"2014-07-18T15:10:16","modified_gmt":"2014-07-18T12:10:16","slug":"terorist-havan-toplari-yine-masum-canlari-aldi-4-sehit-34-yarali","status":"publish","type":"post","link":"https:\/\/archive.sana.sy\/tr\/?p=5408","title":{"rendered":"Ter\u00f6rist Havan Toplar\u0131 Yine Masum Canlar\u0131 Ald\u0131.. 4 \u015eehit 34 Yaral\u0131"},"content":{"rendered":"<p><span style=\"color: #800000\">\u015eAM \u2013<\/span> \u015eam\u2019\u0131n Abbasiler ve Zablatani B\u00f6lgelerine y\u00f6nelik d\u00fczenlenen ter\u00f6rist havan sald\u0131r\u0131lar\u0131 sonucunda 4 vatanda\u015f yaraland\u0131.<br \/>\nEmniyet M\u00fcd\u00fcrl\u00fc\u011f\u00fcnde bir kaynak SANA muhabirine a\u00e7\u0131klamas\u0131nda, ter\u00f6ristlerin f\u0131rlatt\u0131klar\u0131 bir havan mermisinin Zablatani\u2019deki Sebze Hali \u00e7evresinde d\u00fc\u015fmesi sonucunda 3 vatanda\u015f\u0131n yaraland\u0131\u011f\u0131n\u0131 baz\u0131 ara\u00e7larda da maddi hasarlara yol a\u00e7t\u0131\u011f\u0131n\u0131 ifade etti.<\/p>\n<p>Kaynak, bir di\u011fer havan mermisinin Abbasiler hastane \u00e7evresine d\u00fc\u015fmesi sonucunda bir vatanda\u015f\u0131n yaraland\u0131\u011f\u0131n\u0131 olay yerinde bulunan ara\u00e7larda da maddi hasarlara neden oldu\u011funu ifade etti.<\/p>\n<p>Silahl\u0131 ter\u00f6r gruplar\u0131n\u0131n d\u00fcn de \u015eam\u2019\u0131n \u015eaalan, Emeviler Sahas\u0131 \u00c7evresi, \u015eeraton Otel Bah\u00e7esi ve Abbasiler Stadyumu \u00e7evresine f\u0131rlatt\u0131klar\u0131 tekrarlana gelen havan sald\u0131r\u0131lar\u0131 sonucunda 4 vatanda\u015f \u015fehit d\u00fc\u015fm\u00fc\u015f 30 ki\u015fide yaralanm\u0131\u015ft\u0131.<\/p>\n","protected":false},"excerpt":{"rendered":"<p>\u015eAM \u2013 \u015eam\u2019\u0131n Abbasiler ve Zablatani B\u00f6lgelerine y\u00f6nelik d\u00fczenlenen ter\u00f6rist havan sald\u0131r\u0131lar\u0131 sonucunda 4 vatanda\u015f yaraland\u0131. Emniyet M\u00fcd\u00fcrl\u00fc\u011f\u00fcnde bir kaynak SANA muhabirine a\u00e7\u0131klamas\u0131nda, ter\u00f6ristlerin f\u0131rlatt\u0131klar\u0131 bir havan mermisinin Zablatani\u2019deki Sebze Hali \u00e7evresinde d\u00fc\u015fmesi sonucunda 3 vatanda\u015f\u0131n yaraland\u0131\u011f\u0131n\u0131 baz\u0131 ara\u00e7larda da maddi hasarlara yol a\u00e7t\u0131\u011f\u0131n\u0131 ifade etti. Kaynak, bir di\u011fer havan mermisinin Abbasiler hastane \u00e7evresine d\u00fc\u015fmesi &hellip;<\/p>\n","protected":false},"author":1,"featured_media":5423,"comment_status":"closed","ping_status":"closed","sticky":false,"template":"","format":"standard","meta":{"footnotes":""},"categories":[575],"tags":[1174],"class_list":["post-5408","post","type-post","status-publish","format-standard","has-post-thumbnail","","category-olaylar-ve-gercekler","tag-terorist-havan-toplari-yine-masum-canlari-aldi-4-sehit-34-yarali"],"_links":{"self":[{"href":"https:\/\/archive.sana.sy\/tr\/index.php?rest_route=\/wp\/v2\/posts\/5408","targetHints":{"allow":["GET"]}}],"collection":[{"href":"https:\/\/archive.sana.sy\/tr\/index.php?rest_route=\/wp\/v2\/posts"}],"about":[{"href":"https:\/\/archive.sana.sy\/tr\/index.php?rest_route=\/wp\/v2\/types\/post"}],"author":[{"embeddable":true,"href":"https:\/\/archive.sana.sy\/tr\/index.php?rest_route=\/wp\/v2\/users\/1"}],"replies":[{"embeddable":true,"href":"https:\/\/archive.sana.sy\/tr\/index.php?rest_route=%2Fwp%2Fv2%2Fcomments&post=5408"}],"version-history":[{"count":0,"href":"https:\/\/archive.sana.sy\/tr\/index.php?rest_route=\/wp\/v2\/posts\/5408\/revisions"}],"wp:featuredmedia":[{"embeddable":true,"href":"https:\/\/archive.sana.sy\/tr\/index.php?rest_route=\/wp\/v2\/media\/5423"}],"wp:attachment":[{"href":"https:\/\/archive.sana.sy\/tr\/index.php?rest_route=%2Fwp%2Fv2%2Fmedia&parent=5408"}],"wp:term":[{"taxonomy":"category","embeddable":true,"href":"https:\/\/archive.sana.sy\/tr\/index.php?rest_route=%2Fwp%2Fv2%2Fcategories&post=5408"},{"taxonomy":"post_tag","embeddable":true,"href":"https:\/\/archive.sana.sy\/tr\/index.php?rest_route=%2Fwp%2Fv2%2Ftags&post=5408"}],"curies":[{"name":"wp","href":"https:\/\/api.w.org\/{rel}","templated":true}]}}