{"id":54097,"date":"2015-12-02T10:10:22","date_gmt":"2015-12-02T08:10:22","guid":{"rendered":"http:\/\/www.sana.sy\/tr\/?p=54097"},"modified":"2015-12-02T14:28:08","modified_gmt":"2015-12-02T12:28:08","slug":"kibris-rum-kesimi-lefkosada-bugun-mevkidasi-ioannis-kasulides-ile-bulundugu-temaslarin-ardindan-duzenledigi-ortak-basin-toplantinda-lavrov-turkiyedeki-rejimin-suriye-semalarinda-rus-bir-uc","status":"publish","type":"post","link":"https:\/\/archive.sana.sy\/tr\/?p=54097","title":{"rendered":"K\u0131br\u0131s Rum kesimi Lefko\u015fa\u2019da bug\u00fcn mevkida\u015f\u0131 Ioannis Kasulides ile bulundu\u011fu temaslar\u0131n ard\u0131ndan d\u00fczenledi\u011fi ortak bas\u0131n toplant\u0131nda Lavrov; T\u00fcrkiye&#8217;deki rejimin Suriye semalar\u0131nda Rus bir u\u00e7ak sava\u015f\u0131n\u0131 d\u00fc\u015f\u00fcrmesinin, kimi taraflar\u0131n Suriye&#8217;deki krizin siyasi \u00e7\u00f6z\u00fcm s\u00fcrecini engelleme \u00e7abas\u0131nda oldu\u011funun bir g\u00f6stergesi oldu\u011funu belirtti."},"content":{"rendered":"<p>K\u0131br\u0131s Rum kesimi Lefko\u015fa\u2019da bug\u00fcn mevkida\u015f\u0131 Ioannis Kasulides ile bulundu\u011fu temaslar\u0131n ard\u0131ndan d\u00fczenledi\u011fi ortak bas\u0131n toplant\u0131nda Lavrov; T\u00fcrkiye&#8217;deki rejimin Suriye semalar\u0131nda Rus bir u\u00e7ak sava\u015f\u0131n\u0131 d\u00fc\u015f\u00fcrmesinin, kimi taraflar\u0131n Suriye&#8217;deki krizin siyasi \u00e7\u00f6z\u00fcm s\u00fcrecini engelleme \u00e7abas\u0131nda oldu\u011funun bir g\u00f6stergesi oldu\u011funu belirtti.<\/p>\n","protected":false},"excerpt":{"rendered":"<p>K\u0131br\u0131s Rum kesimi Lefko\u015fa\u2019da bug\u00fcn mevkida\u015f\u0131 Ioannis Kasulides ile bulundu\u011fu temaslar\u0131n ard\u0131ndan d\u00fczenledi\u011fi ortak bas\u0131n toplant\u0131nda Lavrov; T\u00fcrkiye&#8217;deki rejimin Suriye semalar\u0131nda Rus bir u\u00e7ak sava\u015f\u0131n\u0131 d\u00fc\u015f\u00fcrmesinin, kimi taraflar\u0131n Suriye&#8217;deki krizin siyasi \u00e7\u00f6z\u00fcm s\u00fcrecini engelleme \u00e7abas\u0131nda oldu\u011funun bir g\u00f6stergesi oldu\u011funu belirtti.<\/p>\n","protected":false},"author":1,"featured_media":0,"comment_status":"closed","ping_status":"closed","sticky":false,"template":"","format":"standard","meta":{"footnotes":""},"categories":[1],"tags":[],"class_list":["post-54097","post","type-post","status-publish","format-standard","","category-news-not-sorted"],"_links":{"self":[{"href":"https:\/\/archive.sana.sy\/tr\/index.php?rest_route=\/wp\/v2\/posts\/54097","targetHints":{"allow":["GET"]}}],"collection":[{"href":"https:\/\/archive.sana.sy\/tr\/index.php?rest_route=\/wp\/v2\/posts"}],"about":[{"href":"https:\/\/archive.sana.sy\/tr\/index.php?rest_route=\/wp\/v2\/types\/post"}],"author":[{"embeddable":true,"href":"https:\/\/archive.sana.sy\/tr\/index.php?rest_route=\/wp\/v2\/users\/1"}],"replies":[{"embeddable":true,"href":"https:\/\/archive.sana.sy\/tr\/index.php?rest_route=%2Fwp%2Fv2%2Fcomments&post=54097"}],"version-history":[{"count":0,"href":"https:\/\/archive.sana.sy\/tr\/index.php?rest_route=\/wp\/v2\/posts\/54097\/revisions"}],"wp:attachment":[{"href":"https:\/\/archive.sana.sy\/tr\/index.php?rest_route=%2Fwp%2Fv2%2Fmedia&parent=54097"}],"wp:term":[{"taxonomy":"category","embeddable":true,"href":"https:\/\/archive.sana.sy\/tr\/index.php?rest_route=%2Fwp%2Fv2%2Fcategories&post=54097"},{"taxonomy":"post_tag","embeddable":true,"href":"https:\/\/archive.sana.sy\/tr\/index.php?rest_route=%2Fwp%2Fv2%2Ftags&post=54097"}],"curies":[{"name":"wp","href":"https:\/\/api.w.org\/{rel}","templated":true}]}}