{"id":54101,"date":"2015-12-02T14:18:25","date_gmt":"2015-12-02T12:18:25","guid":{"rendered":"http:\/\/www.sana.sy\/tr\/?p=54101"},"modified":"2015-12-02T14:20:45","modified_gmt":"2015-12-02T12:20:45","slug":"yeni-buyukelci-guven-mektubunu-teslim-etti","status":"publish","type":"post","link":"https:\/\/archive.sana.sy\/tr\/?p=54101","title":{"rendered":"Yeni B\u00fcy\u00fckel\u00e7i G\u00fcven Mektubunu Teslim Etti"},"content":{"rendered":"<p>\u015eAM \u2013 Ba\u015fbakan Yard\u0131mc\u0131s\u0131 D\u0131\u015fi\u015fleri ve Gurbet\u00e7iler Bakan\u0131 Velid el Muallim bug\u00fcn sabah saatlerinde Hindistan\u2019\u0131n ola\u011fan\u00fcst\u00fc yetkiye sahip b\u00fcy\u00fckel\u00e7i olarak atad\u0131\u011f\u0131 Man Mohan Bhanot\u2019u kabul ederek g\u00fcven mektubunu teslim ald\u0131.<\/p>\n<p>G\u00fcven mektubunun tesliminden sonra g\u00f6r\u00fc\u015fmede iki dost \u00fclke aras\u0131ndaki ili\u015fkiler ve bu ili\u015fkileri iki \u00fclke halklar\u0131n\u0131n \u00e7\u0131karlar\u0131 do\u011frultusunda peki\u015ftirme olanaklar\u0131 incelendi.<\/p>\n","protected":false},"excerpt":{"rendered":"<p>\u015eAM \u2013 Ba\u015fbakan Yard\u0131mc\u0131s\u0131 D\u0131\u015fi\u015fleri ve Gurbet\u00e7iler Bakan\u0131 Velid el Muallim bug\u00fcn sabah saatlerinde Hindistan\u2019\u0131n ola\u011fan\u00fcst\u00fc yetkiye sahip b\u00fcy\u00fckel\u00e7i olarak atad\u0131\u011f\u0131 Man Mohan Bhanot\u2019u kabul ederek g\u00fcven mektubunu teslim ald\u0131. G\u00fcven mektubunun tesliminden sonra g\u00f6r\u00fc\u015fmede iki dost \u00fclke aras\u0131ndaki ili\u015fkiler ve bu ili\u015fkileri iki \u00fclke halklar\u0131n\u0131n \u00e7\u0131karlar\u0131 do\u011frultusunda peki\u015ftirme olanaklar\u0131 incelendi.<\/p>\n","protected":false},"author":1,"featured_media":54103,"comment_status":"closed","ping_status":"closed","sticky":false,"template":"","format":"standard","meta":{"footnotes":""},"categories":[479,478],"tags":[16772,17931],"class_list":["post-54101","post","type-post","status-publish","format-standard","has-post-thumbnail","","category-haberler-yerel","category-yerel","tag-basbakan-yardimcisi-disisleri-ve-gurbetciler-bakani-velid-el-muallim","tag-yeni-buyukelci-guven-mektubunu-teslim-etti"],"_links":{"self":[{"href":"https:\/\/archive.sana.sy\/tr\/index.php?rest_route=\/wp\/v2\/posts\/54101","targetHints":{"allow":["GET"]}}],"collection":[{"href":"https:\/\/archive.sana.sy\/tr\/index.php?rest_route=\/wp\/v2\/posts"}],"about":[{"href":"https:\/\/archive.sana.sy\/tr\/index.php?rest_route=\/wp\/v2\/types\/post"}],"author":[{"embeddable":true,"href":"https:\/\/archive.sana.sy\/tr\/index.php?rest_route=\/wp\/v2\/users\/1"}],"replies":[{"embeddable":true,"href":"https:\/\/archive.sana.sy\/tr\/index.php?rest_route=%2Fwp%2Fv2%2Fcomments&post=54101"}],"version-history":[{"count":0,"href":"https:\/\/archive.sana.sy\/tr\/index.php?rest_route=\/wp\/v2\/posts\/54101\/revisions"}],"wp:featuredmedia":[{"embeddable":true,"href":"https:\/\/archive.sana.sy\/tr\/index.php?rest_route=\/wp\/v2\/media\/54103"}],"wp:attachment":[{"href":"https:\/\/archive.sana.sy\/tr\/index.php?rest_route=%2Fwp%2Fv2%2Fmedia&parent=54101"}],"wp:term":[{"taxonomy":"category","embeddable":true,"href":"https:\/\/archive.sana.sy\/tr\/index.php?rest_route=%2Fwp%2Fv2%2Fcategories&post=54101"},{"taxonomy":"post_tag","embeddable":true,"href":"https:\/\/archive.sana.sy\/tr\/index.php?rest_route=%2Fwp%2Fv2%2Ftags&post=54101"}],"curies":[{"name":"wp","href":"https:\/\/api.w.org\/{rel}","templated":true}]}}