{"id":54148,"date":"2015-12-02T16:24:41","date_gmt":"2015-12-02T14:24:41","guid":{"rendered":"http:\/\/www.sana.sy\/tr\/?p=54148"},"modified":"2015-12-02T18:37:09","modified_gmt":"2015-12-02T16:37:09","slug":"erdogan-ve-ailesinin-isin-icinde-oldugunu-kanitlayan-belgeler-var","status":"publish","type":"post","link":"https:\/\/archive.sana.sy\/tr\/?p=54148","title":{"rendered":"Erdo\u011fan ve Ailesinin \u0130\u015fin \u0130\u00e7inde Oldu\u011funu Kan\u0131tlayan Belgeler Var"},"content":{"rendered":"<p>MOSKOVA \u2013 Rusya Savunma Bakan\u0131 Yard\u0131mc\u0131s\u0131 Anatoly Antonov; Suriye ve Irak\u2019tan \u00e7al\u0131nt\u0131 petrol\u00fc I\u015e\u0130D ve di\u011fer ter\u00f6r \u00f6rg\u00fctlerden sat\u0131n alan temel m\u00fc\u015fterinin T\u00fcrkiye oldu\u011funu belirtti.<\/p>\n<p>Antonov bug\u00fcn bakanl\u0131k binas\u0131nda d\u00fczenledi\u011fi bas\u0131n konferans\u0131nda tekfirci ter\u00f6ristlerin Suriye ve Irak\u2019tan \u00e7ald\u0131klar\u0131 petrol\u00fc s\u0131n\u0131rlardan nas\u0131l T\u00fcrkiye&#8217;ye ge\u00e7irdiklerini ve \u0130skenderun Liman\u0131na nas\u0131l ta\u015f\u0131d\u0131klar\u0131n\u0131 ortaya koyan uydu g\u00f6r\u00fcnt\u00fcleri yay\u0131nlad\u0131. Antonov; uydu g\u00f6r\u00fcnt\u00fclerinin, I\u015e\u0130D\u2019in T\u00fcrkiye&#8217;ye \u00e7al\u0131nt\u0131 petrol ka\u00e7\u0131rmada \u00fc\u00e7 temel eksen izledi\u011fini ortaya koydu\u011funa dikkat \u00e7ekti. I\u015e\u0130D\u2019in \u00e7al\u0131nt\u0131 petrol\u00fc T\u00fcrkiye&#8217;ye ta\u015f\u0131mada 8500 ara\u00e7 kulland\u0131\u011f\u0131n\u0131 belirten Antonov; g\u00fcnde ortalama olarak 200 bin varilin b\u00fcy\u00fck \u00e7o\u011funlu\u011funu gece saatlerinde g\u00f6nderdi\u011fini vurgulad\u0131. Antonov T\u00fcrkiye rejiminin I\u015e\u0130D\u2019in ana finans kaynaklar\u0131ndan birini te\u015fkil etti\u011fine dikkat \u00e7ekerken, bu rejimin \u00e7al\u0131nt\u0131 petrolle I\u015e\u0130D\u2019e y\u0131lda 2 milyar dolar temin etti\u011fini s\u00f6yledi.<\/p>\n<p>Antonov Moskova&#8217;n\u0131n elinde; T\u00fcrkiye&#8217;de rejim ba\u015fkan\u0131 recep Tayip Erdo\u011fan ve aile fertlerinin yan\u0131 s\u0131ra \u00fcst d\u00fczey T\u00fcrk yetkililerin I\u015e\u0130D ter\u00f6r \u00f6rg\u00fct\u00fcnden \u00e7al\u0131nt\u0131 petrol sat\u0131n ald\u0131klar\u0131n\u0131 kan\u0131tlayan belge ve verilerin bulundu\u011funu a\u00e7\u0131klad\u0131.<\/p>\n<p>I\u015e\u0130D\u2019i yok etmek i\u00e7in finans kaynaklar\u0131na sert bir darbe indirmek gerekti\u011fini belirten Antonov; Rus sava\u015f u\u00e7aklar\u0131n\u0131n Suriye&#8217;de ter\u00f6r \u00f6rg\u00fctlerin alt yap\u0131s\u0131n\u0131 ve T\u00fcrkiye&#8217;ye \u00e7al\u0131nt\u0131 petrol ta\u015f\u0131yan tankerlerini imha etme operasyonlar\u0131n\u0131 s\u00fcrd\u00fcrd\u00fcklerini ifade etti.<\/p>\n<p>Antonov ter\u00f6ristlerin T\u00fcrkiye&#8217;ye satt\u0131klar\u0131 \u00e7al\u0131nt\u0131 petrol kar\u015f\u0131l\u0131\u011f\u0131nda olduk\u00e7a b\u00fcy\u00fck miktarda silah ve m\u00fchimmat temin ettiklerinin alt\u0131n\u0131 \u00e7izdi.<\/p>\n<p>https:\/\/www.youtube.com\/watch?v=-AGIjuYfK0I<\/p>\n","protected":false},"excerpt":{"rendered":"<p>MOSKOVA \u2013 Rusya Savunma Bakan\u0131 Yard\u0131mc\u0131s\u0131 Anatoly Antonov; Suriye ve Irak\u2019tan \u00e7al\u0131nt\u0131 petrol\u00fc I\u015e\u0130D ve di\u011fer ter\u00f6r \u00f6rg\u00fctlerden sat\u0131n alan temel m\u00fc\u015fterinin T\u00fcrkiye oldu\u011funu belirtti. Antonov bug\u00fcn bakanl\u0131k binas\u0131nda d\u00fczenledi\u011fi bas\u0131n konferans\u0131nda tekfirci ter\u00f6ristlerin Suriye ve Irak\u2019tan \u00e7ald\u0131klar\u0131 petrol\u00fc s\u0131n\u0131rlardan nas\u0131l T\u00fcrkiye&#8217;ye ge\u00e7irdiklerini ve \u0130skenderun Liman\u0131na nas\u0131l ta\u015f\u0131d\u0131klar\u0131n\u0131 ortaya koyan uydu g\u00f6r\u00fcnt\u00fcleri yay\u0131nlad\u0131. Antonov; uydu &hellip;<\/p>\n","protected":false},"author":1,"featured_media":54152,"comment_status":"closed","ping_status":"closed","sticky":false,"template":"","format":"standard","meta":{"footnotes":""},"categories":[458,459,447,2554,2555],"tags":[17938],"class_list":["post-54148","post","type-post","status-publish","format-standard","has-post-thumbnail","","category-dunya1","category-haberler-arap-uluslararasi-politika","category-politika","category-suriye-ve-dunya","category-suriye-ve-turkiye","tag-erdogan-ve-ailesinin-isin-icinde-oldugunu-kanitlayan-belgeler-var"],"_links":{"self":[{"href":"https:\/\/archive.sana.sy\/tr\/index.php?rest_route=\/wp\/v2\/posts\/54148","targetHints":{"allow":["GET"]}}],"collection":[{"href":"https:\/\/archive.sana.sy\/tr\/index.php?rest_route=\/wp\/v2\/posts"}],"about":[{"href":"https:\/\/archive.sana.sy\/tr\/index.php?rest_route=\/wp\/v2\/types\/post"}],"author":[{"embeddable":true,"href":"https:\/\/archive.sana.sy\/tr\/index.php?rest_route=\/wp\/v2\/users\/1"}],"replies":[{"embeddable":true,"href":"https:\/\/archive.sana.sy\/tr\/index.php?rest_route=%2Fwp%2Fv2%2Fcomments&post=54148"}],"version-history":[{"count":0,"href":"https:\/\/archive.sana.sy\/tr\/index.php?rest_route=\/wp\/v2\/posts\/54148\/revisions"}],"wp:featuredmedia":[{"embeddable":true,"href":"https:\/\/archive.sana.sy\/tr\/index.php?rest_route=\/wp\/v2\/media\/54152"}],"wp:attachment":[{"href":"https:\/\/archive.sana.sy\/tr\/index.php?rest_route=%2Fwp%2Fv2%2Fmedia&parent=54148"}],"wp:term":[{"taxonomy":"category","embeddable":true,"href":"https:\/\/archive.sana.sy\/tr\/index.php?rest_route=%2Fwp%2Fv2%2Fcategories&post=54148"},{"taxonomy":"post_tag","embeddable":true,"href":"https:\/\/archive.sana.sy\/tr\/index.php?rest_route=%2Fwp%2Fv2%2Ftags&post=54148"}],"curies":[{"name":"wp","href":"https:\/\/api.w.org\/{rel}","templated":true}]}}