{"id":54180,"date":"2015-12-03T15:37:24","date_gmt":"2015-12-03T13:37:24","guid":{"rendered":"http:\/\/www.sana.sy\/tr\/?p=54180"},"modified":"2015-12-04T17:45:10","modified_gmt":"2015-12-04T15:45:10","slug":"rusya-turkiye-konusunda-ne-yapacagini-biliyor","status":"publish","type":"post","link":"https:\/\/archive.sana.sy\/tr\/?p=54180","title":{"rendered":"Rusya T\u00fcrkiye Konusunda Ne Yapaca\u011f\u0131n\u0131 Biliyor"},"content":{"rendered":"<p>MOSKOVA \u2013 Rusya Ba\u015fkan\u0131 Vladimir Putin ter\u00f6re kar\u015f\u0131 m\u00fccadelede BM \u00e7at\u0131s\u0131 alt\u0131nda ve uluslar aras\u0131 kararlar \u00e7er\u00e7evesinde ortak bir cephenin te\u015fkil edilmesi gere\u011fini bir kez daha vurgulad\u0131.<\/p>\n<p>Rusya Federal Cemiyetine y\u00f6neltti\u011fi y\u0131ll\u0131k mektubunda Putin; medeni her devletin ter\u00f6r\u00fcn yok edilmesi \u00e7abas\u0131na katk\u0131da bulunmas\u0131 \u00f6neminin alt\u0131n\u0131 \u00e7izdi.<\/p>\n<p>Putin T\u00fcrkiye&#8217;nin Suriye hava sahas\u0131nda Rus bir u\u00e7a\u011f\u0131 d\u00fc\u015f\u00fcrmesinin sorumlulu\u011funu \u00fcstlenmesi gerekti\u011finin alt\u0131n\u0131 \u00e7izerken; Rusya&#8217;n\u0131n bu konuda ne yapaca\u011f\u0131n\u0131 gayet iyi bildi\u011fini vurgulad\u0131.<\/p>\n<p>Putin T\u00fcrkiye&#8217;deki rejimin sadece Suriye&#8217;deki ter\u00f6ristlere de\u011fil ayn\u0131 zamanda Kafkas\u2019\u0131n kuzeyinde Rusya&#8217;ya kar\u015f\u0131 ter\u00f6r eylemlerinde bulunan ter\u00f6ristlere de bar\u0131nak ve destek sa\u011flad\u0131\u011f\u0131n\u0131n da bilindi\u011fini ifade etti. Rusya&#8217;n\u0131n ter\u00f6r\u00fc destekleyen T\u00fcrkiye rejimi ile T\u00fcrkiye halk\u0131n\u0131 birbirinden ayr\u0131 tutup fark g\u00f6zetledi\u011fini belirten Putin; Rusya&#8217;n\u0131n ter\u00f6re bula\u015fmay\u0131 b\u00fcy\u00fck bir ihanet olarak de\u011ferlendirece\u011fini s\u00f6yledi. Putin T\u00fcrkiye rejiminin ter\u00f6r eylemlerini \u00f6rtbas etmeye \u00e7al\u0131\u015ft\u0131klar\u0131na dikkat \u00e7ekerek, bunu neden yapmak istedikleri sorusuna i\u015faret etti\u011fi<\/p>\n<p>Rusya Ba\u015fkan\u0131 Putin; \u201cmuhtemelen y\u00fcce Allah T\u00fcrkiye&#8217;de y\u00f6netimde bulunanlar\u0131 cezaland\u0131rma karar\u0131 ald\u0131. Bunun i\u00e7in de ak\u0131llar\u0131n\u0131 ald\u0131. Bizlerden asabi bir cevap bekliyorlar, fakat yan\u0131l\u0131yorlar, \u00e7\u00fcnk\u00fc Rusya ani bir cevap vermeyecektir..\u201d ifadelerini kulland\u0131.<\/p>\n<p>S\u00f6zlerine devam eden Putin; Rus bir pilotu katletme cezas\u0131n\u0131n ekonomi alan\u0131nda kalaca\u011f\u0131n\u0131 d\u00fc\u015f\u00fcnenlerin yan\u0131ld\u0131\u011f\u0131n\u0131 belirterek, bunu yapanlar\u0131n yapt\u0131klar\u0131n\u0131n t\u00fcm sorumlulu\u011funu \u00fcstlenmeleri gerekti\u011fini vurgulad\u0131.<\/p>\n<p>Bir k\u0131s\u0131m devletlerin s\u0131n\u0131rlar\u0131n\u0131 ve topraklar\u0131n\u0131 ard\u0131na kadar ter\u00f6ristlere a\u00e7t\u0131klar\u0131 ve onlara her t\u00fcrl\u00fc deste\u011fi temin ettikleri bir s\u0131rada hi\u00e7bir \u00fclkenin tek ba\u015f\u0131na ter\u00f6r\u00fc bertaraf etmesinin m\u00fcmk\u00fcn olmad\u0131\u011f\u0131n\u0131 ifade eden Putin; ter\u00f6r\u00fcn be\u015feri ve finans kayna\u011f\u0131n\u0131n durdurulmas\u0131 y\u00f6n\u00fcnde etkin ve ciddi ad\u0131mlar\u0131n at\u0131lmas\u0131 zaman\u0131 geldi\u011fine dikkat \u00e7ekti. Putin sa\u011flanan muhtelif t\u00fcr destek neticesinde ter\u00f6r\u00fcn yay\u0131ld\u0131\u011f\u0131n\u0131 ve daha da yay\u0131laca\u011f\u0131na i\u015faret ederek bunun tehlikesine kar\u015f\u0131 uyar\u0131da bulundu.<\/p>\n<p>Bir k\u0131s\u0131m devletlerin egemen devletlerde kendi ajandalar\u0131 do\u011frultusunda y\u00f6netimleri d\u00fc\u015f\u00fcrme \u00e7abalar\u0131n\u0131n bilindi\u011fini ifade eden Putin, bu devletlerin rejimleri d\u00fc\u015f\u00fcrmeleri ard\u0131ndan halk\u0131 birbirine d\u00fc\u015f\u00fcr\u00fcp kaos ve ter\u00f6r\u00fcn yay\u0131lmas\u0131na yol a\u00e7t\u0131klar\u0131n\u0131n da bilindi\u011fini s\u00f6yledi.<\/p>\n<p>Putin ter\u00f6ristlerin Suriye&#8217;de daha \u00e7ok geni\u015flemeleri halinde Rusya ve d\u00fcnyan\u0131n di\u011fer devletlerine ciddi bir tehlike te\u015fkil ettiklerini, dolay\u0131s\u0131yla Rusya&#8217;n\u0131n Suriye&#8217;de sadece Suriye&#8217;yi de\u011fil, Rus halk\u0131n\u0131 da savundu\u011funun alt\u0131n\u0131 \u00e7izdi.<\/p>\n","protected":false},"excerpt":{"rendered":"<p>MOSKOVA \u2013 Rusya Ba\u015fkan\u0131 Vladimir Putin ter\u00f6re kar\u015f\u0131 m\u00fccadelede BM \u00e7at\u0131s\u0131 alt\u0131nda ve uluslar aras\u0131 kararlar \u00e7er\u00e7evesinde ortak bir cephenin te\u015fkil edilmesi gere\u011fini bir kez daha vurgulad\u0131. Rusya Federal Cemiyetine y\u00f6neltti\u011fi y\u0131ll\u0131k mektubunda Putin; medeni her devletin ter\u00f6r\u00fcn yok edilmesi \u00e7abas\u0131na katk\u0131da bulunmas\u0131 \u00f6neminin alt\u0131n\u0131 \u00e7izdi. Putin T\u00fcrkiye&#8217;nin Suriye hava sahas\u0131nda Rus bir u\u00e7a\u011f\u0131 d\u00fc\u015f\u00fcrmesinin &hellip;<\/p>\n","protected":false},"author":1,"featured_media":54181,"comment_status":"closed","ping_status":"closed","sticky":false,"template":"","format":"standard","meta":{"footnotes":""},"categories":[458,459,2554,2555],"tags":[17943],"class_list":["post-54180","post","type-post","status-publish","format-standard","has-post-thumbnail","","category-dunya1","category-haberler-arap-uluslararasi-politika","category-suriye-ve-dunya","category-suriye-ve-turkiye","tag-rusya-turkiye-konusunda-ne-yapacagini-biliyor"],"_links":{"self":[{"href":"https:\/\/archive.sana.sy\/tr\/index.php?rest_route=\/wp\/v2\/posts\/54180","targetHints":{"allow":["GET"]}}],"collection":[{"href":"https:\/\/archive.sana.sy\/tr\/index.php?rest_route=\/wp\/v2\/posts"}],"about":[{"href":"https:\/\/archive.sana.sy\/tr\/index.php?rest_route=\/wp\/v2\/types\/post"}],"author":[{"embeddable":true,"href":"https:\/\/archive.sana.sy\/tr\/index.php?rest_route=\/wp\/v2\/users\/1"}],"replies":[{"embeddable":true,"href":"https:\/\/archive.sana.sy\/tr\/index.php?rest_route=%2Fwp%2Fv2%2Fcomments&post=54180"}],"version-history":[{"count":0,"href":"https:\/\/archive.sana.sy\/tr\/index.php?rest_route=\/wp\/v2\/posts\/54180\/revisions"}],"wp:featuredmedia":[{"embeddable":true,"href":"https:\/\/archive.sana.sy\/tr\/index.php?rest_route=\/wp\/v2\/media\/54181"}],"wp:attachment":[{"href":"https:\/\/archive.sana.sy\/tr\/index.php?rest_route=%2Fwp%2Fv2%2Fmedia&parent=54180"}],"wp:term":[{"taxonomy":"category","embeddable":true,"href":"https:\/\/archive.sana.sy\/tr\/index.php?rest_route=%2Fwp%2Fv2%2Fcategories&post=54180"},{"taxonomy":"post_tag","embeddable":true,"href":"https:\/\/archive.sana.sy\/tr\/index.php?rest_route=%2Fwp%2Fv2%2Ftags&post=54180"}],"curies":[{"name":"wp","href":"https:\/\/api.w.org\/{rel}","templated":true}]}}