{"id":54188,"date":"2015-12-03T15:59:48","date_gmt":"2015-12-03T13:59:48","guid":{"rendered":"http:\/\/www.sana.sy\/tr\/?p=54188"},"modified":"2015-12-03T16:00:29","modified_gmt":"2015-12-03T14:00:29","slug":"turk-yetkililerin-iliskileri-tepkisiz-kalmayacak","status":"publish","type":"post","link":"https:\/\/archive.sana.sy\/tr\/?p=54188","title":{"rendered":"T\u00fcrk Yetkililerin \u0130li\u015fkileri Tepkisiz Kalmayacak"},"content":{"rendered":"<p>MOSKOVA \u2013 Rusya Duma Meclisinde D\u0131\u015f \u0130li\u015fkiler Komitesi Ba\u015fkan\u0131 Alexi Pushkov T\u00fcrkiye&#8217;deki rejimde \u00fcst d\u00fczey yetkililerin Suriye&#8217;den \u00e7al\u0131nt\u0131 petrol\u00fcn ya\u011fmalanmas\u0131 ve T\u00fcrkiye&#8217;ye ta\u015f\u0131nmas\u0131 ile ili\u015fkilerinin Avrupal\u0131lar taraf\u0131ndan tepkisiz kalmas\u0131n\u0131n m\u00fcmk\u00fcn olmad\u0131\u011f\u0131n\u0131 belirtti.<\/p>\n<p>Pushkov d\u00fcn Rusya 24 Kanal\u0131na yapt\u0131\u011f\u0131 a\u00e7\u0131klamada; Recep Tayip Erdo\u011fan\u2019\u0131n \u2018d\u00f6nek bir politikac\u0131 oldu\u011fu ve onunla \u00e7al\u0131\u015fman\u0131n zor oldu\u011fu\u2019 bir duyuma sahip oldu\u011funu s\u00f6yledi. Pushkov NATO ve Bat\u0131l\u0131 liderlerin hesaplar\u0131na gelmeyen verileri nas\u0131l \u00f6rtbas edecekleri ve etkisini azaltacaklar\u0131n\u0131 iyi bildiklerine dikkat \u00e7ekerken, \u015fimdi de T\u00fcrk yetkililerin yasad\u0131\u015f\u0131 petrol ticaretlerine ili\u015fkin bilgileri \u00f6rtbas etmeye \u00e7al\u0131\u015facaklar\u0131n\u0131 s\u00f6yledi.<\/p>\n<p>Bu arada Rusya Savunma Bakanl\u0131\u011f\u0131 d\u00fcn ter\u00f6ristlerin Suriye&#8217;den ya\u011fmalad\u0131klar\u0131 petrol\u00fc nas\u0131l T\u00fcrkiye&#8217;ye ta\u015f\u0131d\u0131klar\u0131n\u0131 kan\u0131tlayan uydu g\u00f6r\u00fcnt\u00fcleri ve ayr\u0131nt\u0131l\u0131 bilgiler takdim ederken; Rusya D\u0131\u015fi\u015fleri Bakan\u0131 Sergey Lavrov Suriye ve Irak\u2019tan \u00e7al\u0131nt\u0131 petrol\u00fcn T\u00fcrkiye&#8217;ye ta\u015f\u0131nmas\u0131 konusunda BM\u2019ye resmi ba\u015fvuruda bulunaca\u011f\u0131n\u0131 ilan etmi\u015fti.<\/p>\n","protected":false},"excerpt":{"rendered":"<p>MOSKOVA \u2013 Rusya Duma Meclisinde D\u0131\u015f \u0130li\u015fkiler Komitesi Ba\u015fkan\u0131 Alexi Pushkov T\u00fcrkiye&#8217;deki rejimde \u00fcst d\u00fczey yetkililerin Suriye&#8217;den \u00e7al\u0131nt\u0131 petrol\u00fcn ya\u011fmalanmas\u0131 ve T\u00fcrkiye&#8217;ye ta\u015f\u0131nmas\u0131 ile ili\u015fkilerinin Avrupal\u0131lar taraf\u0131ndan tepkisiz kalmas\u0131n\u0131n m\u00fcmk\u00fcn olmad\u0131\u011f\u0131n\u0131 belirtti. Pushkov d\u00fcn Rusya 24 Kanal\u0131na yapt\u0131\u011f\u0131 a\u00e7\u0131klamada; Recep Tayip Erdo\u011fan\u2019\u0131n \u2018d\u00f6nek bir politikac\u0131 oldu\u011fu ve onunla \u00e7al\u0131\u015fman\u0131n zor oldu\u011fu\u2019 bir duyuma sahip oldu\u011funu &hellip;<\/p>\n","protected":false},"author":1,"featured_media":54189,"comment_status":"closed","ping_status":"closed","sticky":false,"template":"","format":"standard","meta":{"footnotes":""},"categories":[458,459,447,2554,2555],"tags":[17946],"class_list":["post-54188","post","type-post","status-publish","format-standard","has-post-thumbnail","","category-dunya1","category-haberler-arap-uluslararasi-politika","category-politika","category-suriye-ve-dunya","category-suriye-ve-turkiye","tag-turk-yetkililerin-iliskileri-tepkisiz-kalmayacak"],"_links":{"self":[{"href":"https:\/\/archive.sana.sy\/tr\/index.php?rest_route=\/wp\/v2\/posts\/54188","targetHints":{"allow":["GET"]}}],"collection":[{"href":"https:\/\/archive.sana.sy\/tr\/index.php?rest_route=\/wp\/v2\/posts"}],"about":[{"href":"https:\/\/archive.sana.sy\/tr\/index.php?rest_route=\/wp\/v2\/types\/post"}],"author":[{"embeddable":true,"href":"https:\/\/archive.sana.sy\/tr\/index.php?rest_route=\/wp\/v2\/users\/1"}],"replies":[{"embeddable":true,"href":"https:\/\/archive.sana.sy\/tr\/index.php?rest_route=%2Fwp%2Fv2%2Fcomments&post=54188"}],"version-history":[{"count":0,"href":"https:\/\/archive.sana.sy\/tr\/index.php?rest_route=\/wp\/v2\/posts\/54188\/revisions"}],"wp:featuredmedia":[{"embeddable":true,"href":"https:\/\/archive.sana.sy\/tr\/index.php?rest_route=\/wp\/v2\/media\/54189"}],"wp:attachment":[{"href":"https:\/\/archive.sana.sy\/tr\/index.php?rest_route=%2Fwp%2Fv2%2Fmedia&parent=54188"}],"wp:term":[{"taxonomy":"category","embeddable":true,"href":"https:\/\/archive.sana.sy\/tr\/index.php?rest_route=%2Fwp%2Fv2%2Fcategories&post=54188"},{"taxonomy":"post_tag","embeddable":true,"href":"https:\/\/archive.sana.sy\/tr\/index.php?rest_route=%2Fwp%2Fv2%2Ftags&post=54188"}],"curies":[{"name":"wp","href":"https:\/\/api.w.org\/{rel}","templated":true}]}}